{"id":238418,"date":"2025-12-03T15:30:49","date_gmt":"2025-12-03T18:30:49","guid":{"rendered":"https:\/\/corrientesdetarde.com\/?p=238418"},"modified":"2025-12-03T15:31:01","modified_gmt":"2025-12-03T18:31:01","slug":"la-camara-de-diputados-paso-a-un-cuarto-intermedio-en-la-previa-a-las-definiciones-de-las-comisiones","status":"publish","type":"post","link":"https:\/\/corrientesdetarde.com\/index.php\/politica\/la-camara-de-diputados-paso-a-un-cuarto-intermedio-en-la-previa-a-las-definiciones-de-las-comisiones\/","title":{"rendered":"La C\u00e1mara de Diputados pas\u00f3 a un cuarto intermedio, en la previa a las definiciones de las comisiones"},"content":{"rendered":"\n<p>En una sesi\u00f3n caliente y con acusaciones cruzadas, juraron los nuevos diputados nacionales electos el 26 de octubre. Tras ello, oficialismo, bloques afines y oposici\u00f3n se cruzaron en un tenso debate.<\/p>\n\n\n\n<p>Luego de la propuesta de que Mart\u00edn Menem contin\u00fae al frente de la C\u00e1mara de Diputados, los legisladores pasaron a un cuarto intermedio para intentar ponerse de acuerdo.<\/p>\n\n\n\n<p>Luego vendr\u00e1 el debate del reparto de comisiones.<\/p>\n","protected":false},"excerpt":{"rendered":"<p>En una sesi\u00f3n caliente y con acusaciones cruzadas, juraron los nuevos diputados nacionales electos el 26 de octubre. Tras ello, oficialismo, bloques afines y oposici\u00f3n se cruzaron en un tenso&hellip; <\/p>\n","protected":false},"author":8,"featured_media":238419,"comment_status":"closed","ping_status":"open","sticky":false,"template":"","format":"standard","meta":{"footnotes":""},"categories":[3],"tags":[],"class_list":["post-238418","post","type-post","status-publish","format-standard","has-post-thumbnail","hentry","category-politica"],"_links":{"self":[{"href":"https:\/\/corrientesdetarde.com\/index.php\/wp-json\/wp\/v2\/posts\/238418","targetHints":{"allow":["GET"]}}],"collection":[{"href":"https:\/\/corrientesdetarde.com\/index.php\/wp-json\/wp\/v2\/posts"}],"about":[{"href":"https:\/\/corrientesdetarde.com\/index.php\/wp-json\/wp\/v2\/types\/post"}],"author":[{"embeddable":true,"href":"https:\/\/corrientesdetarde.com\/index.php\/wp-json\/wp\/v2\/users\/8"}],"replies":[{"embeddable":true,"href":"https:\/\/corrientesdetarde.com\/index.php\/wp-json\/wp\/v2\/comments?post=238418"}],"version-history":[{"count":1,"href":"https:\/\/corrientesdetarde.com\/index.php\/wp-json\/wp\/v2\/posts\/238418\/revisions"}],"predecessor-version":[{"id":238420,"href":"https:\/\/corrientesdetarde.com\/index.php\/wp-json\/wp\/v2\/posts\/238418\/revisions\/238420"}],"wp:featuredmedia":[{"embeddable":true,"href":"https:\/\/corrientesdetarde.com\/index.php\/wp-json\/wp\/v2\/media\/238419"}],"wp:attachment":[{"href":"https:\/\/corrientesdetarde.com\/index.php\/wp-json\/wp\/v2\/media?parent=238418"}],"wp:term":[{"taxonomy":"category","embeddable":true,"href":"https:\/\/corrientesdetarde.com\/index.php\/wp-json\/wp\/v2\/categories?post=238418"},{"taxonomy":"post_tag","embeddable":true,"href":"https:\/\/corrientesdetarde.com\/index.php\/wp-json\/wp\/v2\/tags?post=238418"}],"curies":[{"name":"wp","href":"https:\/\/api.w.org\/{rel}","templated":true}]}}