{"id":238465,"date":"2025-12-03T21:26:09","date_gmt":"2025-12-04T00:26:09","guid":{"rendered":"https:\/\/corrientesdetarde.com\/?p=238465"},"modified":"2025-12-03T21:26:15","modified_gmt":"2025-12-04T00:26:15","slug":"confirman-la-realizacion-de-10-noches-de-la-fiesta-nacional-del-chamame","status":"publish","type":"post","link":"https:\/\/corrientesdetarde.com\/index.php\/locales\/confirman-la-realizacion-de-10-noches-de-la-fiesta-nacional-del-chamame\/","title":{"rendered":"Confirman la realizaci\u00f3n de 10 noches de la Fiesta Nacional del Chamam\u00e9"},"content":{"rendered":"\n<p>La Fiesta Nacional del Chamam\u00e9 se realizar\u00e1 del 16 al 25 de enero en el anfiteatro Cocomarola. Fue confirmado este mi\u00e9rcoles 3 por la presidente de Cultura, Beatriz Kunin, durante un contacto con la prensa. Aclar\u00f3 que a\u00fan quedan cuestiones por definir y que prev\u00e9 avanzar despu\u00e9s del recambio de gobierno del 11 de diciembre.&nbsp;<\/p>\n\n\n\n<p>Anticip\u00f3 que el equipo del Instituto afina la grilla y la planimetr\u00eda del anfiteatro, con ajustes derivados de modificaciones realizadas el a\u00f1o pasado. Explic\u00f3 que el armado del programa no consiste solo en la elecci\u00f3n de grupos, ya que &#8220;cada m\u00fasico maneja otros compromisos y eso obliga a ordenar todo con precisi\u00f3n&#8221;.&nbsp;<\/p>\n\n\n\n<p>La titular de Cultura tambi\u00e9n hizo referencia al escenario econ\u00f3mico. Record\u00f3 que el Gobierno nacional no env\u00eda el monto esperado desde hace un largo per\u00edodo y que el organismo deber\u00e1 adaptarse a los recursos actuales. Se\u00f1al\u00f3 que todos los equipos de gesti\u00f3n encaran recortes y que, en este caso, el objetivo ser\u00e1 &#8220;hacer la fiesta que corresponde con lo que tenemos&#8221;.&nbsp;<\/p>\n\n\n\n<p>En su repaso del a\u00f1o, sostuvo que el balance &#8220;resulta satisfactorio&#8221;. Destac\u00f3 la presencia del Instituto en el interior, un prop\u00f3sito que se plante\u00f3 desde su llegada al cargo para equilibrar la oferta cultural entre la capital y las localidades m\u00e1s alejadas. Remarc\u00f3 la entrega de certificados de la Escuela de Artes y Oficios en unas 17 sedes, con recuperaci\u00f3n de oficios transmitidos por familias que, seg\u00fan destac\u00f3, &#8220;estaban a un paso de perderse&#8221;.<\/p>\n\n\n\n<p>Kunin subray\u00f3 que el programa tambi\u00e9n &#8220;cumpli\u00f3 un rol social, ya que numerosos adultos mayores se inscribieron para compartir espacios sin objetivos laborales&#8221;. En paralelo, record\u00f3 que Cultura intervino este a\u00f1o en el censo provincial y en el ciclo Corrientes de Punta a Punta, con presencia en distintas localidades.&nbsp;<\/p>\n","protected":false},"excerpt":{"rendered":"<p>La Fiesta Nacional del Chamam\u00e9 se realizar\u00e1 del 16 al 25 de enero en el anfiteatro Cocomarola. Fue confirmado este mi\u00e9rcoles 3 por la presidente de Cultura, Beatriz Kunin, durante&hellip; <\/p>\n","protected":false},"author":4,"featured_media":238466,"comment_status":"closed","ping_status":"open","sticky":false,"template":"","format":"standard","meta":{"footnotes":""},"categories":[8],"tags":[],"class_list":["post-238465","post","type-post","status-publish","format-standard","has-post-thumbnail","hentry","category-locales"],"_links":{"self":[{"href":"https:\/\/corrientesdetarde.com\/index.php\/wp-json\/wp\/v2\/posts\/238465","targetHints":{"allow":["GET"]}}],"collection":[{"href":"https:\/\/corrientesdetarde.com\/index.php\/wp-json\/wp\/v2\/posts"}],"about":[{"href":"https:\/\/corrientesdetarde.com\/index.php\/wp-json\/wp\/v2\/types\/post"}],"author":[{"embeddable":true,"href":"https:\/\/corrientesdetarde.com\/index.php\/wp-json\/wp\/v2\/users\/4"}],"replies":[{"embeddable":true,"href":"https:\/\/corrientesdetarde.com\/index.php\/wp-json\/wp\/v2\/comments?post=238465"}],"version-history":[{"count":1,"href":"https:\/\/corrientesdetarde.com\/index.php\/wp-json\/wp\/v2\/posts\/238465\/revisions"}],"predecessor-version":[{"id":238467,"href":"https:\/\/corrientesdetarde.com\/index.php\/wp-json\/wp\/v2\/posts\/238465\/revisions\/238467"}],"wp:featuredmedia":[{"embeddable":true,"href":"https:\/\/corrientesdetarde.com\/index.php\/wp-json\/wp\/v2\/media\/238466"}],"wp:attachment":[{"href":"https:\/\/corrientesdetarde.com\/index.php\/wp-json\/wp\/v2\/media?parent=238465"}],"wp:term":[{"taxonomy":"category","embeddable":true,"href":"https:\/\/corrientesdetarde.com\/index.php\/wp-json\/wp\/v2\/categories?post=238465"},{"taxonomy":"post_tag","embeddable":true,"href":"https:\/\/corrientesdetarde.com\/index.php\/wp-json\/wp\/v2\/tags?post=238465"}],"curies":[{"name":"wp","href":"https:\/\/api.w.org\/{rel}","templated":true}]}}