{"id":238468,"date":"2025-12-03T21:38:07","date_gmt":"2025-12-04T00:38:07","guid":{"rendered":"https:\/\/corrientesdetarde.com\/?p=238468"},"modified":"2025-12-03T21:38:19","modified_gmt":"2025-12-04T00:38:19","slug":"valdes-aseguro-que-corrientes-no-negocia-leyes-por-plata-con-el-gobierno-nacional","status":"publish","type":"post","link":"https:\/\/corrientesdetarde.com\/index.php\/actualidad\/valdes-aseguro-que-corrientes-no-negocia-leyes-por-plata-con-el-gobierno-nacional\/","title":{"rendered":"Vald\u00e9s asegur\u00f3 que Corrientes no negocia &#8220;leyes por plata&#8221; con el Gobierno nacional\u00a0"},"content":{"rendered":"\n<p>El gobernador particip\u00f3 de la jura en el Congreso y ratific\u00f3 la postura pol\u00edtica de la provincia, rechazando cualquier condicionamiento del Gobierno nacional a cambio de apoyo legislativo.<\/p>\n\n\n\n<p>El gobernador de Corrientes, Gustavo Vald\u00e9s, afirm\u00f3 este mi\u00e9rcoles que los legisladores nacionales de la provincia se integrar\u00e1n al bloque de la Uni\u00f3n C\u00edvica Radical (UCR) y descart\u00f3 cualquier acuerdo pol\u00edtico con el Gobierno nacional basado en presiones o intercambios financieros.<\/p>\n\n\n\n<p>Tras participar de la jura de los nuevos diputados, Vald\u00e9s remarc\u00f3 que no hubo conversaciones de fondo con Naci\u00f3n y fue tajante: &#8220;No negociamos pol\u00edticamente de esa forma, ni cambiamos leyes por plata&#8221;.<\/p>\n\n\n\n<p>Se\u00f1al\u00f3 que el di\u00e1logo deber\u00e1 enfocarse en temas estructurales como deuda, obras p\u00fablicas y asuntos propios del v\u00ednculo entre la provincia y el Estado federal. Tambi\u00e9n adelant\u00f3 que la bancada radical actuar\u00e1 de manera unificada en debates clave, entre ellos el Presupuesto 2026, y reafirm\u00f3 su compromiso con los principios de Juntos por el Cambio.<\/p>\n\n\n\n<p>Finalmente, sostuvo que la actual administraci\u00f3n nacional atraviesa un periodo de &#8220;maduraci\u00f3n&#8221;, que permitir\u00e1 discusiones m\u00e1s profundas sobre el futuro del pa\u00eds.<\/p>\n","protected":false},"excerpt":{"rendered":"<p>El gobernador particip\u00f3 de la jura en el Congreso y ratific\u00f3 la postura pol\u00edtica de la provincia, rechazando cualquier condicionamiento del Gobierno nacional a cambio de apoyo legislativo. El gobernador&hellip; <\/p>\n","protected":false},"author":4,"featured_media":238469,"comment_status":"closed","ping_status":"open","sticky":false,"template":"","format":"standard","meta":{"footnotes":""},"categories":[23],"tags":[],"class_list":["post-238468","post","type-post","status-publish","format-standard","has-post-thumbnail","hentry","category-actualidad"],"_links":{"self":[{"href":"https:\/\/corrientesdetarde.com\/index.php\/wp-json\/wp\/v2\/posts\/238468","targetHints":{"allow":["GET"]}}],"collection":[{"href":"https:\/\/corrientesdetarde.com\/index.php\/wp-json\/wp\/v2\/posts"}],"about":[{"href":"https:\/\/corrientesdetarde.com\/index.php\/wp-json\/wp\/v2\/types\/post"}],"author":[{"embeddable":true,"href":"https:\/\/corrientesdetarde.com\/index.php\/wp-json\/wp\/v2\/users\/4"}],"replies":[{"embeddable":true,"href":"https:\/\/corrientesdetarde.com\/index.php\/wp-json\/wp\/v2\/comments?post=238468"}],"version-history":[{"count":1,"href":"https:\/\/corrientesdetarde.com\/index.php\/wp-json\/wp\/v2\/posts\/238468\/revisions"}],"predecessor-version":[{"id":238470,"href":"https:\/\/corrientesdetarde.com\/index.php\/wp-json\/wp\/v2\/posts\/238468\/revisions\/238470"}],"wp:featuredmedia":[{"embeddable":true,"href":"https:\/\/corrientesdetarde.com\/index.php\/wp-json\/wp\/v2\/media\/238469"}],"wp:attachment":[{"href":"https:\/\/corrientesdetarde.com\/index.php\/wp-json\/wp\/v2\/media?parent=238468"}],"wp:term":[{"taxonomy":"category","embeddable":true,"href":"https:\/\/corrientesdetarde.com\/index.php\/wp-json\/wp\/v2\/categories?post=238468"},{"taxonomy":"post_tag","embeddable":true,"href":"https:\/\/corrientesdetarde.com\/index.php\/wp-json\/wp\/v2\/tags?post=238468"}],"curies":[{"name":"wp","href":"https:\/\/api.w.org\/{rel}","templated":true}]}}