{"id":238480,"date":"2025-12-04T00:04:45","date_gmt":"2025-12-04T03:04:45","guid":{"rendered":"https:\/\/corrientesdetarde.com\/?p=238480"},"modified":"2025-12-04T00:04:57","modified_gmt":"2025-12-04T03:04:57","slug":"rige-asueto-administrativo-por-el-dia-del-empleado-publico-en-corrientes","status":"publish","type":"post","link":"https:\/\/corrientesdetarde.com\/index.php\/actualidad\/rige-asueto-administrativo-por-el-dia-del-empleado-publico-en-corrientes\/","title":{"rendered":"Rige asueto administrativo por el D\u00eda del Empleado P\u00fablico en Corrientes"},"content":{"rendered":"\n<p>Este jueves 4 de diciembre se conmemora el D\u00eda del Empleado P\u00fablico Provincial, establecido por la Ley 4067\/86, por lo que la Administraci\u00f3n p\u00fablica de Corrientes no brindar\u00e1 atenci\u00f3n en varios de sus&nbsp;organismos. La fecha es considerada no laborable para los trabajadores estatales y regir\u00e1 como asueto administrativo con determinadas excepciones.<\/p>\n\n\n\n<p>En este marco, la mayor\u00eda de las dependencias provinciales permanecer\u00e1n cerradas. Entre ellas, el Instituto de Obra Social de la Provincia de Corrientes (Ioscor) y el Instituto de Previsi\u00f3n Social (IPS) no atender\u00e1n durante toda la jornada al igual que en otras oficinas de ministerios y entes descentralizados, excepto en aquellos que dispongan de guardias para garantizar servicios esenciales.<\/p>\n\n\n\n<p>Por su parte, la Direcci\u00f3n Provincial de Energ\u00eda de Corrientes (DPEC) confirm\u00f3 que mantendr\u00e1 atenci\u00f3n normal, asegurando la continuidad de sus servicios habituales.<\/p>\n\n\n\n<p>Adem\u00e1s, los establecimientos escolares de la Provincia brindar\u00e1n clases normalmente. Mientras que&nbsp;en los organismos catalogados como servicios esenciales, tales como hospitales, centros de salud y \u00e1reas de emergencia y seguridad, se garantizar\u00e1 la atenci\u00f3n mediante guardias dispuestas para asegurar la prestaci\u00f3n b\u00e1sica a la comunidad.<\/p>\n\n\n\n<p>Las actividades regulares en las oficinas p\u00fablicas provinciales se reanudar\u00e1n el viernes 5 de diciembre.<\/p>\n","protected":false},"excerpt":{"rendered":"<p>Este jueves 4 de diciembre se conmemora el D\u00eda del Empleado P\u00fablico Provincial, establecido por la Ley 4067\/86, por lo que la Administraci\u00f3n p\u00fablica de Corrientes no brindar\u00e1 atenci\u00f3n en&hellip; <\/p>\n","protected":false},"author":4,"featured_media":238481,"comment_status":"closed","ping_status":"open","sticky":false,"template":"","format":"standard","meta":{"footnotes":""},"categories":[23],"tags":[],"class_list":["post-238480","post","type-post","status-publish","format-standard","has-post-thumbnail","hentry","category-actualidad"],"_links":{"self":[{"href":"https:\/\/corrientesdetarde.com\/index.php\/wp-json\/wp\/v2\/posts\/238480","targetHints":{"allow":["GET"]}}],"collection":[{"href":"https:\/\/corrientesdetarde.com\/index.php\/wp-json\/wp\/v2\/posts"}],"about":[{"href":"https:\/\/corrientesdetarde.com\/index.php\/wp-json\/wp\/v2\/types\/post"}],"author":[{"embeddable":true,"href":"https:\/\/corrientesdetarde.com\/index.php\/wp-json\/wp\/v2\/users\/4"}],"replies":[{"embeddable":true,"href":"https:\/\/corrientesdetarde.com\/index.php\/wp-json\/wp\/v2\/comments?post=238480"}],"version-history":[{"count":1,"href":"https:\/\/corrientesdetarde.com\/index.php\/wp-json\/wp\/v2\/posts\/238480\/revisions"}],"predecessor-version":[{"id":238482,"href":"https:\/\/corrientesdetarde.com\/index.php\/wp-json\/wp\/v2\/posts\/238480\/revisions\/238482"}],"wp:featuredmedia":[{"embeddable":true,"href":"https:\/\/corrientesdetarde.com\/index.php\/wp-json\/wp\/v2\/media\/238481"}],"wp:attachment":[{"href":"https:\/\/corrientesdetarde.com\/index.php\/wp-json\/wp\/v2\/media?parent=238480"}],"wp:term":[{"taxonomy":"category","embeddable":true,"href":"https:\/\/corrientesdetarde.com\/index.php\/wp-json\/wp\/v2\/categories?post=238480"},{"taxonomy":"post_tag","embeddable":true,"href":"https:\/\/corrientesdetarde.com\/index.php\/wp-json\/wp\/v2\/tags?post=238480"}],"curies":[{"name":"wp","href":"https:\/\/api.w.org\/{rel}","templated":true}]}}