{"id":23866,"date":"2022-11-29T19:22:01","date_gmt":"2022-11-29T22:22:01","guid":{"rendered":"https:\/\/corrientesdetarde.com\/?p=23866"},"modified":"2022-11-29T19:22:05","modified_gmt":"2022-11-29T22:22:05","slug":"lula-da-silva-pidio-que-julian-assange-sea-liberado-de-su-injusto-encarcelamiento","status":"publish","type":"post","link":"https:\/\/corrientesdetarde.com\/index.php\/internacionales\/lula-da-silva-pidio-que-julian-assange-sea-liberado-de-su-injusto-encarcelamiento\/","title":{"rendered":"Lula da Silva pidi\u00f3 que Julian Assange sea liberado de su &#8220;injusto encarcelamiento&#8221;"},"content":{"rendered":"\n<p>El presidente electo de Brasil, Lula da Silva, sum\u00f3 su voz a la de mandatarios de todo el mundo que reclaman a Estados Unidos el fin de la persecuci\u00f3n judicial a Assange.<\/p>\n\n\n\n<p>El presidente electo de Brasil,&nbsp;<strong>Luiz In\u00e1cio Lula da Silva<\/strong>, exigi\u00f3 que el periodista y activista&nbsp;<strong>Julian Assange<\/strong>&nbsp;sea liberado de su &#8220;injusto encarcelamiento&#8221;, tras reunirse con el editor en jefe y el editor de la plataforma WikiLeaks.<\/p>\n\n\n\n<p>\u201cEstuve con\u00a0<strong>Kristinn Hrafnsson<\/strong>, editor en jefe de WikiLeaks, y el editor\u00a0<strong>Joseph Farrell<\/strong>, quienes me informaron sobre la situaci\u00f3n de salud y la\u00a0lucha por la libertad de Julian Assange\u201d, tuite\u00f3 el l\u00edder del PT y ex mandantario brasile\u00f1o (2003-2011).<\/p>\n\n\n\n<p>&#8220;Les ped\u00ed que enviaran mi solidaridad. Que Assange sea liberado de su injusto encarcelamiento&#8221;, agreg\u00f3 Lula, quien asumir\u00e1 la presidencia de Brasil el 1\u00b0 de enero de 2023.<\/p>\n\n\n\n<p>El island\u00e9s Hrafnsson, que realiza una gira por Latinoam\u00e9rica, a\u00f1adi\u00f3 que&nbsp;Lula &#8220;expres\u00f3, en una reuni\u00f3n privada, su continuo apoyo a Julian Assange y la demanda de poner fin a la persecuci\u00f3n,&nbsp;entendiendo que puede da\u00f1ar la libertad de prensa en todo el mundo&#8221;.<\/p>\n\n\n\n<p>&#8220;Un verdadero hombre de pasi\u00f3n, visi\u00f3n y simpat\u00eda. Gracias Lula&#8221;, finaliz\u00f3 el editor de WikiLeaks.<\/p>\n\n\n\n<p>De visita por la regi\u00f3n,\u00a0Hrafnsson busca que los gobiernos presionen a las autoridades de Estados Unidos para que se concrete la libertad del periodista australiano.<\/p>\n\n\n\n<p>La semana pasada se reunieron en Bogot\u00e1 con el presidente de Colombia,&nbsp;<strong>Gustavo Petro<\/strong>, quien afirm\u00f3 que le pedir\u00e1 a&nbsp;<strong>Joe Biden&nbsp;<\/strong>que no avance en el proceso judicial contra el fundador de WikiLeaks,&nbsp;detenido &#8220;solo por decir la verdad&#8221;.<\/p>\n\n\n\n<p>Hrafnsson reconoci\u00f3 que la reciente ola de victorias electorales de pol\u00edticos de izquierda en Am\u00e9rica Latina lo trajo a la regi\u00f3n con el prop\u00f3sito de buscar apoyo pol\u00edtico para la liberaci\u00f3n de Assange.<\/p>\n\n\n\n<p>&#8220;Me reun\u00ed con los voceros de WikiLeaks, para apoyar la lucha mundial por la libertad del periodista Julian Assange.&nbsp;Le solicitar\u00e9 al presidente Biden con otros presidentes latinoamericanos que no se pongan cargos a un periodista solo por decir la verdad&#8221;, anunci\u00f3 Petro&nbsp;a trav\u00e9s de Twitter.<\/p>\n\n\n\n<p>En paralelo, los diarios espa\u00f1ol\u00a0<em>El Pa\u00eds<\/em>, franc\u00e9s<em>\u00a0Le Monde<\/em>, ingl\u00e9s<em>\u00a0The Guardian<\/em>, estadounidense\u00a0<em>New York Times\u00a0<\/em>y alem\u00e1n\u00a0<em>Der Spiegel\u00a0<\/em>pidieron ayer a Washington retirar los cargos contra Assange, acusado de una filtraci\u00f3n masiva de documentos clasificados.<\/p>\n\n\n\n<p>Assange, de 51 a\u00f1os, apel\u00f3 una decisi\u00f3n de la Justicia brit\u00e1nica de extraditarlo a&nbsp;Estados Unidos, que quiere juzgarlo por haber difundido desde 2010 cientos de miles de documentos confidenciales estadounidenses, militares y diplom\u00e1ticos, especialmente sobre las guerras de Irak y Afganist\u00e1n.<\/p>\n\n\n\n<p>Tras siete a\u00f1os refugiado en la embajada de Ecuador en Londres, Assange fue detenido por la polic\u00eda brit\u00e1nica en 2019 para ser juzgado por 17 presuntos delitos en violaci\u00f3n de la Ley de Espionaje de 1917 y uno de intromisi\u00f3n inform\u00e1tica.<\/p>\n\n\n\n<p>Desde entonces,&nbsp;se encuentra preso en una c\u00e1rcel de alta seguridad ubicada al sureste de Londres.<\/p>\n\n\n\n<p>El 17 de junio pasado, la ministra del Interior del Reino Unido,&nbsp;<strong>Priti Patel<\/strong>, aprob\u00f3 la extradici\u00f3n de Assange a Estados Unidos.<\/p>\n\n\n\n<p>De ser declarado culpable de espionaje por la Justicia estadounidense, Assange podr\u00eda ser condenado a 175 a\u00f1os en una prisi\u00f3n estadounidense.<\/p>\n\n\n\n<figure class=\"wp-block-embed is-type-rich is-provider-twitter wp-block-embed-twitter\"><div class=\"wp-block-embed__wrapper\">\n<blockquote class=\"twitter-tweet\" data-width=\"550\" data-dnt=\"true\"><p lang=\"pt\" dir=\"ltr\">Estive com <a href=\"https:\/\/twitter.com\/khrafnsson?ref_src=twsrc%5Etfw\">@khrafnsson<\/a>, editor-chefe do WikiLeaks, e com o editor Joseph Farrell, que me informaram da situa\u00e7\u00e3o de sa\u00fade e da luta por liberdade de Julian Assange. Pedi para que enviassem minha solidariedade. Que Assange seja solto de sua injusta pris\u00e3o.<br><br>\ud83d\udcf8: Cl\u00e1udio Kbene <a href=\"https:\/\/t.co\/DuSvdEBQQY\">pic.twitter.com\/DuSvdEBQQY<\/a><\/p>&mdash; Lula (@LulaOficial) <a href=\"https:\/\/twitter.com\/LulaOficial\/status\/1597407126195867648?ref_src=twsrc%5Etfw\">November 29, 2022<\/a><\/blockquote><script async src=\"https:\/\/platform.twitter.com\/widgets.js\" charset=\"utf-8\"><\/script>\n<\/div><\/figure>\n","protected":false},"excerpt":{"rendered":"<p>El presidente electo de Brasil, Lula da Silva, sum\u00f3 su voz a la de mandatarios de todo el mundo que reclaman a Estados Unidos el fin de la persecuci\u00f3n judicial&hellip; <\/p>\n","protected":false},"author":8,"featured_media":23867,"comment_status":"closed","ping_status":"open","sticky":false,"template":"","format":"standard","meta":{"footnotes":""},"categories":[11],"tags":[],"class_list":["post-23866","post","type-post","status-publish","format-standard","has-post-thumbnail","hentry","category-internacionales"],"_links":{"self":[{"href":"https:\/\/corrientesdetarde.com\/index.php\/wp-json\/wp\/v2\/posts\/23866","targetHints":{"allow":["GET"]}}],"collection":[{"href":"https:\/\/corrientesdetarde.com\/index.php\/wp-json\/wp\/v2\/posts"}],"about":[{"href":"https:\/\/corrientesdetarde.com\/index.php\/wp-json\/wp\/v2\/types\/post"}],"author":[{"embeddable":true,"href":"https:\/\/corrientesdetarde.com\/index.php\/wp-json\/wp\/v2\/users\/8"}],"replies":[{"embeddable":true,"href":"https:\/\/corrientesdetarde.com\/index.php\/wp-json\/wp\/v2\/comments?post=23866"}],"version-history":[{"count":1,"href":"https:\/\/corrientesdetarde.com\/index.php\/wp-json\/wp\/v2\/posts\/23866\/revisions"}],"predecessor-version":[{"id":23868,"href":"https:\/\/corrientesdetarde.com\/index.php\/wp-json\/wp\/v2\/posts\/23866\/revisions\/23868"}],"wp:featuredmedia":[{"embeddable":true,"href":"https:\/\/corrientesdetarde.com\/index.php\/wp-json\/wp\/v2\/media\/23867"}],"wp:attachment":[{"href":"https:\/\/corrientesdetarde.com\/index.php\/wp-json\/wp\/v2\/media?parent=23866"}],"wp:term":[{"taxonomy":"category","embeddable":true,"href":"https:\/\/corrientesdetarde.com\/index.php\/wp-json\/wp\/v2\/categories?post=23866"},{"taxonomy":"post_tag","embeddable":true,"href":"https:\/\/corrientesdetarde.com\/index.php\/wp-json\/wp\/v2\/tags?post=23866"}],"curies":[{"name":"wp","href":"https:\/\/api.w.org\/{rel}","templated":true}]}}