{"id":238677,"date":"2025-12-05T20:06:05","date_gmt":"2025-12-05T23:06:05","guid":{"rendered":"https:\/\/corrientesdetarde.com\/?p=238677"},"modified":"2025-12-05T20:11:53","modified_gmt":"2025-12-05T23:11:53","slug":"loreto-puesta-en-valor-del-museo-artistico-mario-bofill-con-actividades-culturales","status":"publish","type":"post","link":"https:\/\/corrientesdetarde.com\/index.php\/cultura\/loreto-puesta-en-valor-del-museo-artistico-mario-bofill-con-actividades-culturales\/","title":{"rendered":"Loreto: puesta en valor del Museo\u00a0Art\u00edstico \u201cMario Bofill\u201d con actividades culturales"},"content":{"rendered":"\n<p>Organizada por la Municipalidad de Loreto y la Fundaci\u00f3n Mario Bofill, se llevar\u00e1 adelante este viernes 5 por la tarde una jornada cultural con el objetivo de poner en valor el acervo material e inmaterial alrededor de la figura y obra de Mario Bofill. La jornada es abierta a la comunidad, a los medios y ser\u00e1 acompa\u00f1ada por referentes de la m\u00fasica y la cultura de Corrientes.<\/p>\n\n\n\n<p>Con acceso libre y gratuito, la cita ser\u00e1 desde las 16.40 hs en Loreto, emblem\u00e1tica localidad, tambi\u00e9n inmortalizada en las letras de Bofill. La iniciativa apunta a la puesta en valor del patrimonio material e inmaterial relacionado con la vida y obra del cantautor Mario Bofill, promoviendo mediante el museo la conservaci\u00f3n de objetos, partituras y testimonios para el fortalecimiento de la identidad cultural local. La misma est\u00e1 dirigida a vecinos, instituciones educativas, referentes culturales, investigadores y p\u00fablico en general.<\/p>\n\n\n\n<p><strong>Programaci\u00f3n<\/strong><\/p>\n\n\n\n<p>La jornada tendr\u00e1 su punto de partida en el Museo Art\u00edstico \u201cMario Bofill\u201d, sito en Armengol Alegre sin n\u00famero, entre B. Mitre y 9 de Julio a partir de las 16.40 hs. con la recepci\u00f3n de invitados. Posteriormente se iniciar\u00e1, desde las 17 hs., un circuito tur\u00edstico bajo el nombre de \u201cVivencias, Costumbres y Personajes de Loreto\u201d, que recorrer\u00e1 espacios vitales vinculados a la vida y obra de Mario Bofill, como lo son el Museo Sacro de Loreto, su casa natal, un moj\u00f3n con se\u00f1al\u00e9tica de \u201cCantalicio\u201d, otro protagonista en las letras de Marito, con finalizaci\u00f3n en el Museo Art\u00edstico.<\/p>\n\n\n\n<p>All\u00ed, con la presencia de autoridades municipales, m\u00fasicos y referentes de la cultura como Luis Moulin y Julio C\u00e1ceres, entre otros, se realizar\u00e1 un breve acto destinado a destacar la importancia del espacio cultural como centro de interpretaci\u00f3n, de memoria y de producci\u00f3n cultural que, por un lado, resguarda y preserva material hist\u00f3rico en torno a la obra de Mario Bofill, y por otro, permite el acceso a la misma a aquellas personas interesadas en la cultura y m\u00fasica locales, a trav\u00e9s de contenidos pedag\u00f3gicos y actividades art\u00edsticas vinculadas al chamam\u00e9 y las tradiciones del Litoral. La revalorizaci\u00f3n incluye la organizaci\u00f3n del acervo, mejoras expositivas y el dise\u00f1o de recorridos participativos.<\/p>\n\n\n\n<p>El cierre de la jornada ser\u00e1 con m\u00fasica en vivo, desde las 18.40 hs. con una Gran Pe\u00f1a en la que se presentar\u00e1n el Ballet Oficial de la Municipalidad de Loreto, Edu Sc\u00f3fano y Los Bofill.<\/p>\n\n\n\n<p>\u201cRevalorizar el museo es honrar la memoria de Mario Bofill y garantizar que las historias y canciones que nos leg\u00f3 sigan llegando a nuevas generaciones\u201d, sostienen desde la Fundaci\u00f3n Mario Bofill. La Municipalidad de Loreto remarc\u00f3 la importancia del trabajo conjunto para promover el turismo cultural y la participaci\u00f3n comunitaria.<\/p>\n\n\n\n<p><strong>Museo Art\u00edstico Mario Bofill<\/strong><\/p>\n\n\n\n<p>Inaugurado en diciembre de 2020, por iniciativa de Anah\u00ed Moray, compa\u00f1era de Bofill, el museo es un centro cultural y tur\u00edstico que apunta a mostrar a los visitantes parte de la historia del cantautor, y convertirse, adem\u00e1s, en punto de encuentro para los habitantes loretanos.<\/p>\n\n\n\n<p>En su interior, se exhiben numerosos premios provinciales, nacionales e internacionales; m\u00e1s fotograf\u00edas, manuscritos, partituras, discos e instrumentos, que se enmarcan en los 60 a\u00f1os de trayectoria de Bofill<\/p>\n\n\n\n<figure class=\"wp-block-image size-full\"><img loading=\"lazy\" decoding=\"async\" width=\"714\" height=\"822\" src=\"https:\/\/corrientesdetarde.com\/wp-content\/uploads\/2025\/12\/image-130.png\" alt=\"\" class=\"wp-image-238683\" srcset=\"https:\/\/corrientesdetarde.com\/wp-content\/uploads\/2025\/12\/image-130.png 714w, https:\/\/corrientesdetarde.com\/wp-content\/uploads\/2025\/12\/image-130-261x300.png 261w\" sizes=\"auto, (max-width: 714px) 100vw, 714px\" \/><\/figure>\n","protected":false},"excerpt":{"rendered":"<p>Organizada por la Municipalidad de Loreto y la Fundaci\u00f3n Mario Bofill, se llevar\u00e1 adelante este viernes 5 por la tarde una jornada cultural con el objetivo de poner en valor&hellip; <\/p>\n","protected":false},"author":4,"featured_media":238678,"comment_status":"closed","ping_status":"open","sticky":false,"template":"","format":"standard","meta":{"footnotes":""},"categories":[15],"tags":[],"class_list":["post-238677","post","type-post","status-publish","format-standard","has-post-thumbnail","hentry","category-cultura"],"_links":{"self":[{"href":"https:\/\/corrientesdetarde.com\/index.php\/wp-json\/wp\/v2\/posts\/238677","targetHints":{"allow":["GET"]}}],"collection":[{"href":"https:\/\/corrientesdetarde.com\/index.php\/wp-json\/wp\/v2\/posts"}],"about":[{"href":"https:\/\/corrientesdetarde.com\/index.php\/wp-json\/wp\/v2\/types\/post"}],"author":[{"embeddable":true,"href":"https:\/\/corrientesdetarde.com\/index.php\/wp-json\/wp\/v2\/users\/4"}],"replies":[{"embeddable":true,"href":"https:\/\/corrientesdetarde.com\/index.php\/wp-json\/wp\/v2\/comments?post=238677"}],"version-history":[{"count":2,"href":"https:\/\/corrientesdetarde.com\/index.php\/wp-json\/wp\/v2\/posts\/238677\/revisions"}],"predecessor-version":[{"id":238684,"href":"https:\/\/corrientesdetarde.com\/index.php\/wp-json\/wp\/v2\/posts\/238677\/revisions\/238684"}],"wp:featuredmedia":[{"embeddable":true,"href":"https:\/\/corrientesdetarde.com\/index.php\/wp-json\/wp\/v2\/media\/238678"}],"wp:attachment":[{"href":"https:\/\/corrientesdetarde.com\/index.php\/wp-json\/wp\/v2\/media?parent=238677"}],"wp:term":[{"taxonomy":"category","embeddable":true,"href":"https:\/\/corrientesdetarde.com\/index.php\/wp-json\/wp\/v2\/categories?post=238677"},{"taxonomy":"post_tag","embeddable":true,"href":"https:\/\/corrientesdetarde.com\/index.php\/wp-json\/wp\/v2\/tags?post=238677"}],"curies":[{"name":"wp","href":"https:\/\/api.w.org\/{rel}","templated":true}]}}