{"id":23869,"date":"2022-11-29T19:27:36","date_gmt":"2022-11-29T22:27:36","guid":{"rendered":"https:\/\/corrientesdetarde.com\/?p=23869"},"modified":"2022-11-29T19:27:40","modified_gmt":"2022-11-29T22:27:40","slug":"el-yaguarete-es-quien-regula-toda-la-cadena-y-el-ecosistema","status":"publish","type":"post","link":"https:\/\/corrientesdetarde.com\/index.php\/sociales\/el-yaguarete-es-quien-regula-toda-la-cadena-y-el-ecosistema\/","title":{"rendered":"&#8220;El Yaguaret\u00e9 es quien regula toda la cadena y el ecosistema&#8221;"},"content":{"rendered":"\n<p>El 29 de noviembre se conmemora el\u00a0D\u00eda Internacional del Yaguaret\u00e9, una fecha que busca celebrar y concientizar sobre la conservaci\u00f3n de la especie.\u00a0La coordinadora del Proyecto\u00a0Iber\u00e1\u00a0de Rewilding Argentina\u00a0Marisi L\u00f3pez\u00a0 &#8220;tiene una importancia fundamental porque es un depredador tope,\u00a0es quien regula toda la cadena y el ecosistema&#8221;.\u00a0<\/p>\n\n\n\n<p><\/p>\n","protected":false},"excerpt":{"rendered":"<p>El 29 de noviembre se conmemora el\u00a0D\u00eda Internacional del Yaguaret\u00e9, una fecha que busca celebrar y concientizar sobre la conservaci\u00f3n de la especie.\u00a0La coordinadora del Proyecto\u00a0Iber\u00e1\u00a0de Rewilding Argentina\u00a0Marisi L\u00f3pez\u00a0 &#8220;tiene&hellip; <\/p>\n","protected":false},"author":8,"featured_media":23870,"comment_status":"closed","ping_status":"open","sticky":false,"template":"","format":"standard","meta":{"footnotes":""},"categories":[17],"tags":[],"class_list":["post-23869","post","type-post","status-publish","format-standard","has-post-thumbnail","hentry","category-sociales"],"_links":{"self":[{"href":"https:\/\/corrientesdetarde.com\/index.php\/wp-json\/wp\/v2\/posts\/23869","targetHints":{"allow":["GET"]}}],"collection":[{"href":"https:\/\/corrientesdetarde.com\/index.php\/wp-json\/wp\/v2\/posts"}],"about":[{"href":"https:\/\/corrientesdetarde.com\/index.php\/wp-json\/wp\/v2\/types\/post"}],"author":[{"embeddable":true,"href":"https:\/\/corrientesdetarde.com\/index.php\/wp-json\/wp\/v2\/users\/8"}],"replies":[{"embeddable":true,"href":"https:\/\/corrientesdetarde.com\/index.php\/wp-json\/wp\/v2\/comments?post=23869"}],"version-history":[{"count":1,"href":"https:\/\/corrientesdetarde.com\/index.php\/wp-json\/wp\/v2\/posts\/23869\/revisions"}],"predecessor-version":[{"id":23871,"href":"https:\/\/corrientesdetarde.com\/index.php\/wp-json\/wp\/v2\/posts\/23869\/revisions\/23871"}],"wp:featuredmedia":[{"embeddable":true,"href":"https:\/\/corrientesdetarde.com\/index.php\/wp-json\/wp\/v2\/media\/23870"}],"wp:attachment":[{"href":"https:\/\/corrientesdetarde.com\/index.php\/wp-json\/wp\/v2\/media?parent=23869"}],"wp:term":[{"taxonomy":"category","embeddable":true,"href":"https:\/\/corrientesdetarde.com\/index.php\/wp-json\/wp\/v2\/categories?post=23869"},{"taxonomy":"post_tag","embeddable":true,"href":"https:\/\/corrientesdetarde.com\/index.php\/wp-json\/wp\/v2\/tags?post=23869"}],"curies":[{"name":"wp","href":"https:\/\/api.w.org\/{rel}","templated":true}]}}