{"id":23875,"date":"2022-11-29T19:35:47","date_gmt":"2022-11-29T22:35:47","guid":{"rendered":"https:\/\/corrientesdetarde.com\/?p=23875"},"modified":"2022-11-29T19:35:51","modified_gmt":"2022-11-29T22:35:51","slug":"las-sequias-y-las-inundaciones-castigaron-a-todo-el-planeta-en-2021","status":"publish","type":"post","link":"https:\/\/corrientesdetarde.com\/index.php\/informacion-general\/las-sequias-y-las-inundaciones-castigaron-a-todo-el-planeta-en-2021\/","title":{"rendered":"Las sequ\u00edas y las inundaciones castigaron a todo el planeta en 2021"},"content":{"rendered":"\n<p><a href=\"javascript:void(0);\"><\/a>La ONU se\u00f1al\u00f3 que en todas las regiones del mundo se dieron fen\u00f3menos extremos el a\u00f1o pasado. La zona del R\u00edo de la Plata es la m\u00e1s afectada &#8220;por una sequedad persistente&#8221;.<\/p>\n\n\n\n<p><strong>Todas las regiones del mundo sufrieron fen\u00f3menos extremos en sus ciclos de lluvias el a\u00f1o pasado,<\/strong>&nbsp;en forma de inundaciones y sequ\u00edas, mientras que la zona del R\u00edo de la Plata en Am\u00e9rica del Sur es de las m\u00e1s afectadas con una &#8220;sequ\u00eda persistente&#8221; desde 2019, seg\u00fan un informe de la Organizaci\u00f3n de las Naciones Unidas (ONU) publicado este martes.<\/p>\n\n\n\n<p>El estudio tambi\u00e9n revel\u00f3 que&nbsp;<strong>alrededor de 3.600 millones de personas tienen un acceso &#8220;inadecuado&#8221; al agua dulce&nbsp;<\/strong>al menos un mes al a\u00f1o, cifra que podr\u00eda superar los 5.000 millones en el a\u00f1o 2050.<\/p>\n\n\n\n<p>Los datos se desprenden del&nbsp;<strong>primer informe anual sobre recursos h\u00eddricos<\/strong>&nbsp;a nivel global realizado por la Organizaci\u00f3n Meteorol\u00f3gica Mundial (OMM), una agencia de Naciones Unidas.<\/p>\n\n\n\n<p>&#8220;Los impactos del cambio clim\u00e1tico suelen manifestarse por medio del agua,&nbsp;<strong>con sequ\u00edas m\u00e1s intensas y frecuentes, inundaciones m\u00e1s extremas, lluvias estacionales m\u00e1s irregulares y la aceleraci\u00f3n de la fusi\u00f3n de los glaciares<\/strong>, y generan efectos en cascada en las econom\u00edas, los ecosistemas y todos los aspectos de nuestra vida cotidiana&#8221;, dijo el secretario general de la OMM, Petteri Taalas, indic\u00f3 la agencia de noticias AFP.<\/p>\n\n\n\n<p><strong>Amplias zonas del planeta tuvieron un tiempo m\u00e1s seco de lo normal en el a\u00f1o 2021\u00a0<\/strong>y, entre las m\u00e1s perjudicadas, el informe destac\u00f3 &#8220;la zona del R\u00edo de la Plata en Am\u00e9rica del Sur, donde una sequ\u00eda persistente ha afectado a la regi\u00f3n desde 2019, el sur y el sureste de la Amazon\u00eda, y algunas cuencas de Am\u00e9rica del Norte, por ejemplo, las de los r\u00edos Colorado, Missouri y Mississippi&#8221;.<\/p>\n\n\n\n<p>En cambio,&nbsp;<strong>&#8220;se observaron caudales fluviales mayores de lo normal en algunas cuencas de Am\u00e9rica del Norte,<\/strong>&nbsp;el norte de la Amazon\u00eda y \u00c1frica meridional (Zambezi y Orange), as\u00ed como en China (la cuenca del r\u00edo Amur) y el norte de la India&#8221;, indic\u00f3 el informe.<\/p>\n\n\n\n<p>El trabajo tambi\u00e9n analiz\u00f3 el flujo fluvial en diversas cuencas del mundo,&nbsp;<strong>y lo compar\u00f3 con el promedio del per\u00edodo hidrol\u00f3gico de los \u00faltimos 30 a\u00f1os.<\/strong><\/p>\n\n\n\n<p>Entre los resultados principales, la agencia de la ONU resalt\u00f3&nbsp;<strong>que la superficie terrestre con un flujo fluvial inferior a la media fue dos veces mayor que la superficie por encima de la media.<\/strong><\/p>\n\n\n\n<p>Tambi\u00e9n alert\u00f3 que entre 2001 y 2018,&nbsp;<strong>el 74% de los desastres naturales tuvieron que ver con el agua,<\/strong>&nbsp;al tiempo que el almacenamiento terrestre de agua tuvo tendencias negativas que fueron m\u00e1s fuertes que las positivas.<\/p>\n\n\n\n<p>El almacenamiento del agua que se encuentra en la superficie y la subsuperficie terrestre&nbsp;<strong>fue inferior a la media de los \u00faltimos veinte a\u00f1os en la costa oeste de Estados Unidos, la zona central de Am\u00e9rica del Sur y la Patagonia,<\/strong>&nbsp;entre otras regiones.<\/p>\n\n\n\n<p>Ante esta situaci\u00f3n, la agencia de la ONU inst\u00f3 a las autoridades a&nbsp;<strong>acelerar la introducci\u00f3n de planes de alerta temprana para prevenir sequ\u00edas e inundaciones,<\/strong>&nbsp;y aminorar el impacto de estos fen\u00f3menos extremos.<\/p>\n","protected":false},"excerpt":{"rendered":"<p>La ONU se\u00f1al\u00f3 que en todas las regiones del mundo se dieron fen\u00f3menos extremos el a\u00f1o pasado. La zona del R\u00edo de la Plata es la m\u00e1s afectada &#8220;por una&hellip; <\/p>\n","protected":false},"author":8,"featured_media":23876,"comment_status":"closed","ping_status":"open","sticky":false,"template":"","format":"standard","meta":{"footnotes":""},"categories":[1],"tags":[],"class_list":["post-23875","post","type-post","status-publish","format-standard","has-post-thumbnail","hentry","category-informacion-general"],"_links":{"self":[{"href":"https:\/\/corrientesdetarde.com\/index.php\/wp-json\/wp\/v2\/posts\/23875","targetHints":{"allow":["GET"]}}],"collection":[{"href":"https:\/\/corrientesdetarde.com\/index.php\/wp-json\/wp\/v2\/posts"}],"about":[{"href":"https:\/\/corrientesdetarde.com\/index.php\/wp-json\/wp\/v2\/types\/post"}],"author":[{"embeddable":true,"href":"https:\/\/corrientesdetarde.com\/index.php\/wp-json\/wp\/v2\/users\/8"}],"replies":[{"embeddable":true,"href":"https:\/\/corrientesdetarde.com\/index.php\/wp-json\/wp\/v2\/comments?post=23875"}],"version-history":[{"count":1,"href":"https:\/\/corrientesdetarde.com\/index.php\/wp-json\/wp\/v2\/posts\/23875\/revisions"}],"predecessor-version":[{"id":23877,"href":"https:\/\/corrientesdetarde.com\/index.php\/wp-json\/wp\/v2\/posts\/23875\/revisions\/23877"}],"wp:featuredmedia":[{"embeddable":true,"href":"https:\/\/corrientesdetarde.com\/index.php\/wp-json\/wp\/v2\/media\/23876"}],"wp:attachment":[{"href":"https:\/\/corrientesdetarde.com\/index.php\/wp-json\/wp\/v2\/media?parent=23875"}],"wp:term":[{"taxonomy":"category","embeddable":true,"href":"https:\/\/corrientesdetarde.com\/index.php\/wp-json\/wp\/v2\/categories?post=23875"},{"taxonomy":"post_tag","embeddable":true,"href":"https:\/\/corrientesdetarde.com\/index.php\/wp-json\/wp\/v2\/tags?post=23875"}],"curies":[{"name":"wp","href":"https:\/\/api.w.org\/{rel}","templated":true}]}}