{"id":238751,"date":"2025-12-06T11:00:00","date_gmt":"2025-12-06T14:00:00","guid":{"rendered":"https:\/\/corrientesdetarde.com\/?p=238751"},"modified":"2025-12-06T15:49:12","modified_gmt":"2025-12-06T18:49:12","slug":"detuvieron-al-abogado-ricardo-osuna-por-abigeato","status":"publish","type":"post","link":"https:\/\/corrientesdetarde.com\/index.php\/actualidad\/detuvieron-al-abogado-ricardo-osuna-por-abigeato\/","title":{"rendered":"Detuvieron al abogado Ricardo Osuna por abigeato."},"content":{"rendered":"\n<h2 class=\"wp-block-heading\">El pol\u00e9mico abogado de Emerenciano Sena&nbsp; qued\u00f3 alojado en la Comisar\u00eda 11\u00aa.<\/h2>\n\n\n\n<p>La investigaci\u00f3n por un presunto caso de abigeato avanz\u00f3 durante el d\u00eda de ayer con una serie de procedimientos en el Paraje Lapachito, en La Leonesa, a partir de la denuncia presentada por por un productor.<\/p>\n\n\n\n<p>La Fiscal\u00eda Rural y Ambiental orden\u00f3 allanar dos campos de la zona, donde el personal interviniente encontr\u00f3 animales bovinos con se\u00f1ales de marcaci\u00f3n reciente que fueron atribuidas al abogado Ricardo Ariel Osuna. En los mismos lugares se incaut\u00f3 carne vinculada a una faena sin autorizaci\u00f3n y un arma de fuego calibre 16, adem\u00e1s de distintas evidencias relacionadas con la actividad investigada.<\/p>\n\n\n\n<p>Los procedimientos se desarrollaron en dos establecimientos. Durante las tareas se detuvo a R.L.A, encargado de uno de los campos, mientras que otro de los se\u00f1alados, Sergio &#8220;Keko&#8221; Vallejos, logr\u00f3 escapar al advertir la presencia policial y permanece buscado. La intervenci\u00f3n cont\u00f3 con la participaci\u00f3n del Departamento Rural Metropolitana y del Departamento de Investigaciones Complejas, bajo la supervisi\u00f3n de la Fiscal\u00eda Rural a cargo de la Dra. Mar\u00eda Emilia Rudaz.<\/p>\n\n\n\n<p>Horas despu\u00e9s, ya en Resistencia, la fiscal\u00eda dispuso que el abogado Ricardo Ariel Osuna fuera informado de las medidas adoptadas en el expediente. Personal de Seguridad Rural se present\u00f3 en su domicilio ubicado sobre avenida 25 de Mayo para comunicarle la situaci\u00f3n procesal y trasladarlo primero a Medicina Legal y luego a la Comisar\u00eda 11\u00aa, donde qued\u00f3 alojado nuevamente en el marco de esta causa. La medida qued\u00f3 registrada en el expediente 35842\/2025 y forma parte de las actuaciones que contin\u00faan bajo direcci\u00f3n judicial.<\/p>\n","protected":false},"excerpt":{"rendered":"<p>El pol\u00e9mico abogado de Emerenciano Sena&nbsp; qued\u00f3 alojado en la Comisar\u00eda 11\u00aa. La investigaci\u00f3n por un presunto caso de abigeato avanz\u00f3 durante el d\u00eda de ayer con una serie de&hellip; <\/p>\n","protected":false},"author":6,"featured_media":238755,"comment_status":"closed","ping_status":"open","sticky":false,"template":"","format":"standard","meta":{"footnotes":""},"categories":[23,33],"tags":[],"class_list":["post-238751","post","type-post","status-publish","format-standard","has-post-thumbnail","hentry","category-actualidad","category-policiales"],"_links":{"self":[{"href":"https:\/\/corrientesdetarde.com\/index.php\/wp-json\/wp\/v2\/posts\/238751","targetHints":{"allow":["GET"]}}],"collection":[{"href":"https:\/\/corrientesdetarde.com\/index.php\/wp-json\/wp\/v2\/posts"}],"about":[{"href":"https:\/\/corrientesdetarde.com\/index.php\/wp-json\/wp\/v2\/types\/post"}],"author":[{"embeddable":true,"href":"https:\/\/corrientesdetarde.com\/index.php\/wp-json\/wp\/v2\/users\/6"}],"replies":[{"embeddable":true,"href":"https:\/\/corrientesdetarde.com\/index.php\/wp-json\/wp\/v2\/comments?post=238751"}],"version-history":[{"count":2,"href":"https:\/\/corrientesdetarde.com\/index.php\/wp-json\/wp\/v2\/posts\/238751\/revisions"}],"predecessor-version":[{"id":238777,"href":"https:\/\/corrientesdetarde.com\/index.php\/wp-json\/wp\/v2\/posts\/238751\/revisions\/238777"}],"wp:featuredmedia":[{"embeddable":true,"href":"https:\/\/corrientesdetarde.com\/index.php\/wp-json\/wp\/v2\/media\/238755"}],"wp:attachment":[{"href":"https:\/\/corrientesdetarde.com\/index.php\/wp-json\/wp\/v2\/media?parent=238751"}],"wp:term":[{"taxonomy":"category","embeddable":true,"href":"https:\/\/corrientesdetarde.com\/index.php\/wp-json\/wp\/v2\/categories?post=238751"},{"taxonomy":"post_tag","embeddable":true,"href":"https:\/\/corrientesdetarde.com\/index.php\/wp-json\/wp\/v2\/tags?post=238751"}],"curies":[{"name":"wp","href":"https:\/\/api.w.org\/{rel}","templated":true}]}}