{"id":238753,"date":"2025-12-06T11:20:00","date_gmt":"2025-12-06T14:20:00","guid":{"rendered":"https:\/\/corrientesdetarde.com\/?p=238753"},"modified":"2025-12-06T11:27:30","modified_gmt":"2025-12-06T14:27:30","slug":"secuestran-armas-y-dinero-en-allanamiento","status":"publish","type":"post","link":"https:\/\/corrientesdetarde.com\/index.php\/policiales\/secuestran-armas-y-dinero-en-allanamiento\/","title":{"rendered":"Secuestran armas y dinero en allanamiento."},"content":{"rendered":"\n<h2 class=\"wp-block-heading\">Los operativos fueron realizados por la Unidad Especial Antiarrebatos junto a diversas divisiones policiales, en el marco de una causa iniciada en la Comisar\u00eda D\u00e9cima de la ciudad de Corrientes\u00a0Tres casas\u00a0fueron allanadas y el material incautado qued\u00f3 a disposici\u00f3n de la Justicia.<\/h2>\n\n\n\n<p>En un operativo realizado este viernes 5 de diciembre, la Polic\u00eda de Corrientes allan\u00f3 de forma simult\u00e1nea tres domicilios en la capital correntina. Secuestraron armas de fuego, dinero en efectivo,&nbsp;tarjetas de d\u00e9bito y cr\u00e9dito, adem\u00e1s de documentaciones retenidas indebidamente.<\/p>\n\n\n\n<p>El parte policial no detall\u00f3 si hubo detenciones.&nbsp;<\/p>\n\n\n\n<p>Todo lo incautado fue trasladado a la dependencia policial correspondiente y puesto a disposici\u00f3n de la Justicia.<\/p>\n\n\n\n<p><a href=\"https:\/\/www.radiosudamericana.com\/notix\/multimedia\/imagenes\/fotos\/2025-12-06\/802549.jpg\"><\/a><\/p>\n","protected":false},"excerpt":{"rendered":"<p>Los operativos fueron realizados por la Unidad Especial Antiarrebatos junto a diversas divisiones policiales, en el marco de una causa iniciada en la Comisar\u00eda D\u00e9cima de la ciudad de Corrientes\u00a0Tres&hellip; <\/p>\n","protected":false},"author":6,"featured_media":238759,"comment_status":"closed","ping_status":"open","sticky":false,"template":"","format":"standard","meta":{"footnotes":""},"categories":[33],"tags":[],"class_list":["post-238753","post","type-post","status-publish","format-standard","has-post-thumbnail","hentry","category-policiales"],"_links":{"self":[{"href":"https:\/\/corrientesdetarde.com\/index.php\/wp-json\/wp\/v2\/posts\/238753","targetHints":{"allow":["GET"]}}],"collection":[{"href":"https:\/\/corrientesdetarde.com\/index.php\/wp-json\/wp\/v2\/posts"}],"about":[{"href":"https:\/\/corrientesdetarde.com\/index.php\/wp-json\/wp\/v2\/types\/post"}],"author":[{"embeddable":true,"href":"https:\/\/corrientesdetarde.com\/index.php\/wp-json\/wp\/v2\/users\/6"}],"replies":[{"embeddable":true,"href":"https:\/\/corrientesdetarde.com\/index.php\/wp-json\/wp\/v2\/comments?post=238753"}],"version-history":[{"count":1,"href":"https:\/\/corrientesdetarde.com\/index.php\/wp-json\/wp\/v2\/posts\/238753\/revisions"}],"predecessor-version":[{"id":238765,"href":"https:\/\/corrientesdetarde.com\/index.php\/wp-json\/wp\/v2\/posts\/238753\/revisions\/238765"}],"wp:featuredmedia":[{"embeddable":true,"href":"https:\/\/corrientesdetarde.com\/index.php\/wp-json\/wp\/v2\/media\/238759"}],"wp:attachment":[{"href":"https:\/\/corrientesdetarde.com\/index.php\/wp-json\/wp\/v2\/media?parent=238753"}],"wp:term":[{"taxonomy":"category","embeddable":true,"href":"https:\/\/corrientesdetarde.com\/index.php\/wp-json\/wp\/v2\/categories?post=238753"},{"taxonomy":"post_tag","embeddable":true,"href":"https:\/\/corrientesdetarde.com\/index.php\/wp-json\/wp\/v2\/tags?post=238753"}],"curies":[{"name":"wp","href":"https:\/\/api.w.org\/{rel}","templated":true}]}}