{"id":238829,"date":"2025-12-07T20:46:23","date_gmt":"2025-12-07T23:46:23","guid":{"rendered":"https:\/\/corrientesdetarde.com\/?p=238829"},"modified":"2025-12-07T20:46:35","modified_gmt":"2025-12-07T23:46:35","slug":"corrientes-fuerte-tormenta-traeria-alivio-despues-del-calor-intenso","status":"publish","type":"post","link":"https:\/\/corrientesdetarde.com\/index.php\/actualidad\/corrientes-fuerte-tormenta-traeria-alivio-despues-del-calor-intenso\/","title":{"rendered":"Corrientes: fuerte tormenta traer\u00eda alivio despu\u00e9s del calor intenso"},"content":{"rendered":"\n<p>Habr\u00e1 que sacar el paraguas esta semana, sobre todo ma\u00f1ana cuando algunos pron\u00f3sticos aseguran que llega a un 100% de probabilidad de lluvia. Incluso podr\u00eda caer granizo. Las temperaturas bajar\u00e1n de forma moderada.<\/p>\n\n\n\n<p>Luego de una semana de altas temperaturas, se espera que esta semana comience con un alivio propiciado por las lluvias. Las previsiones indican que podr\u00edan ser &#8220;tormentas fuertes&#8221; y podr\u00eda hasta caer granizo.<\/p>\n\n\n\n<p>El Servicio Meteorol\u00f3gico Nacional (SMN) indica que desde hoy se producir\u00e1 un cambio de tiempo. Si bien las m\u00e1ximas pueden llegar a los 36\u00b0C, la temperatura comenzar\u00e1 a caer desde horas de la tarde cuando se espera un 70% de probabilidad de tormentas.<\/p>\n\n\n\n<p>El sitio especializado en pron\u00f3sticos, meteored.com tambi\u00e9n coincide en que existe una alta probabilidad de tormentas para la tarde de este domingo. Ubica un 90% de probabilidad de lluvias para este 8 de diciembre con un 45 mm acumulados. A la vez que agrega que las tormentas seguir\u00edan hasta el martes, pero el milimetraje ca\u00eddo ser\u00eda significativamente menor.<\/p>\n\n\n\n<p>Seg\u00fan el sitio especializado, ma\u00f1ana la inestabilidad se trasladar\u00e1 al noreste: las provincias m\u00e1s expuestas son Chaco, Corrientes, el este y centro de Santiago del Estero y el norte de Santa Fe. Seg\u00fan el pron\u00f3stico, este ser\u00e1 el &#8220;costo clim\u00e1tico&#8221; que el centro y norte del pa\u00eds deben afrontar para lograr un alivio hacia el final del fin de semana largo: se espera un recambio de la masa de aire, con anomal\u00edas negativas de temperatura.<\/p>\n\n\n\n<p>No obstante, las primeras horas del martes convendr\u00eda monitorear el desarrollo de un sistema de bajas presiones que \u0097aunque se desplazar\u00eda r\u00e1pidamente hacia el este\u0097 podr\u00eda generar nuevas alertas para el litoral argentino.<\/p>\n\n\n\n<p>El sitio de referencia para celulares Accuweather menciona que la probabilidad de lluvias para todo el lunes es de un 100%. En tanto, el martes el porcentaje decae a un 60%.<\/p>\n\n\n\n<p>Quien brinda m\u00e1s precisiones y una imagen satelital es &#8220;Tiempo y Radar&#8221;, una aplicaci\u00f3n que est\u00e1 creciendo en consideraci\u00f3n los \u00faltimos d\u00edas. El mapa satelital deja en evidencia que un importante frente de tormenta comenzar\u00e1 a ingresar a la provincia desde la 5 de la ma\u00f1ana del lunes.<\/p>\n\n\n\n<p>El pico del evento comenzar\u00eda a las 14 de ese d\u00eda y tendr\u00eda su climax fuerte en Capital, a las 18. Para el martes, la lluvia seguir\u00e1, pero rumbo al extremo suroeste de la provincia.<\/p>\n\n\n\n<p>Con este panorama, las pr\u00f3ximas jornadas estar\u00e1n marcadas por la llegada del esperado alivio t\u00e9rmico, la mayor\u00eda coincide que las m\u00e1ximas bajar\u00e1n y rondar\u00e1n los 30\u00baC, aunque acompa\u00f1ado de una inestabilidad que obligar\u00e1 a mantenerse atentos a los avisos oficiales. Entre lluvias intensas, posibles granizadas y el avance de un frente fr\u00edo que promete bajar las temperaturas, el inicio de la semana se perfila como un punto de inflexi\u00f3n tras la seguidilla de d\u00edas agobiantes.<\/p>\n\n\n\n<h2 class=\"wp-block-heading\">Un verano con pocas lluvias y elevadas temperaturas<\/h2>\n\n\n\n<figure class=\"wp-block-image\"><img decoding=\"async\" src=\"https:\/\/www.diarioepoca.com\/content\/bucket\/3\/1462733w380h321c.jpg.webp\" alt=\"\"\/><\/figure>\n\n\n\n<p>En la antesala del verano, el Servicio Meteorol\u00f3gico Nacional (SMN) dio a conocer su pron\u00f3stico clim\u00e1tico trimestral para diciembre de 2025, enero y febrero de 2026. El informe re\u00fane modelos num\u00e9ricos globales y herramientas estad\u00edsticas que permiten estimar probabilidades de precipitaci\u00f3n y temperatura para el trimestre, bajo un escenario de condiciones neutrales del fen\u00f3meno El Ni\u00f1o-Oscilaci\u00f3n del Sur (ENOS).<\/p>\n\n\n\n<p>En Corrientes, Misiones y Entre R\u00edos hay un 55% de probabilidades de que las lluvias sean inferiores al promedio, lo que implica un trimestre m\u00e1s seco de lo habitual para esa zona.<\/p>\n\n\n\n<p>Con respecto al calor, Misiones, Corrientes y la regi\u00f3n del NOA, que abarca las provincias de Jujuy, el oeste de Salta, Tucum\u00e1n, Catamarca y La Rioja indica un escenario mayoritariamente estable: predominan las probabilidades \u0097cercanas al 40%\u0097 de que la temperatura se ubique dentro del &#8220;rango promedio&#8221;.<\/p>\n\n\n\n<p>El informe del SMN explic\u00f3 que las categor\u00edas se definen a partir de terciles, es decir, dividiendo en tres partes iguales los datos hist\u00f3ricos de temperatura y precipitaci\u00f3n ordenados de menor a mayor. El organismo remarc\u00f3 que un pron\u00f3stico &#8220;inferior a la normal&#8221; no implica ausencia total de lluvias, ni uno &#8220;superior&#8221; garantiza eventos extremos continuos. Se trata de tendencias probabil\u00edsticas.<\/p>\n\n\n\n<h2 class=\"wp-block-heading\">Alerta<\/h2>\n\n\n\n<p>La Direcci\u00f3n de Recursos Forestales de la Provincia emiti\u00f3 ayer un alerta por un &#8220;muy alto&#8221; riesgo de incendios en la mayor\u00eda del territorio.<\/p>\n\n\n\n<p>Seg\u00fan el informe, la zonas m\u00e1s complicadas son Mercedes, Concepci\u00f3n, San Roque, Monte Caseros, Esquina, Goya y Santo Tom\u00e9. Mientras que en el norte de Ituzaing\u00f3 el peligro es &#8220;extremo&#8221;.<\/p>\n\n\n\n<p>Por otra parte, en el extremo noroeste el riesgo de incendio es &#8220;alto&#8221;. El \u00e1rea comprendida abarca Capital, San Luis, Saladas, entre otras. &#8220;Prohibido el uso del fuego en todo el territorio provincial bajo las condiciones del d\u00eda de la fecha&#8221;, recalcaron.<\/p>\n\n\n\n<p>Se recuerda que en caso de incendios, se pueden reportar las emergencias por medio de la App Alertas o al celular 379 450-4697.<\/p>\n","protected":false},"excerpt":{"rendered":"<p>Habr\u00e1 que sacar el paraguas esta semana, sobre todo ma\u00f1ana cuando algunos pron\u00f3sticos aseguran que llega a un 100% de probabilidad de lluvia. Incluso podr\u00eda caer granizo. Las temperaturas bajar\u00e1n&hellip; <\/p>\n","protected":false},"author":4,"featured_media":238830,"comment_status":"closed","ping_status":"open","sticky":false,"template":"","format":"standard","meta":{"footnotes":""},"categories":[23,29],"tags":[],"class_list":["post-238829","post","type-post","status-publish","format-standard","has-post-thumbnail","hentry","category-actualidad","category-clima"],"_links":{"self":[{"href":"https:\/\/corrientesdetarde.com\/index.php\/wp-json\/wp\/v2\/posts\/238829","targetHints":{"allow":["GET"]}}],"collection":[{"href":"https:\/\/corrientesdetarde.com\/index.php\/wp-json\/wp\/v2\/posts"}],"about":[{"href":"https:\/\/corrientesdetarde.com\/index.php\/wp-json\/wp\/v2\/types\/post"}],"author":[{"embeddable":true,"href":"https:\/\/corrientesdetarde.com\/index.php\/wp-json\/wp\/v2\/users\/4"}],"replies":[{"embeddable":true,"href":"https:\/\/corrientesdetarde.com\/index.php\/wp-json\/wp\/v2\/comments?post=238829"}],"version-history":[{"count":1,"href":"https:\/\/corrientesdetarde.com\/index.php\/wp-json\/wp\/v2\/posts\/238829\/revisions"}],"predecessor-version":[{"id":238831,"href":"https:\/\/corrientesdetarde.com\/index.php\/wp-json\/wp\/v2\/posts\/238829\/revisions\/238831"}],"wp:featuredmedia":[{"embeddable":true,"href":"https:\/\/corrientesdetarde.com\/index.php\/wp-json\/wp\/v2\/media\/238830"}],"wp:attachment":[{"href":"https:\/\/corrientesdetarde.com\/index.php\/wp-json\/wp\/v2\/media?parent=238829"}],"wp:term":[{"taxonomy":"category","embeddable":true,"href":"https:\/\/corrientesdetarde.com\/index.php\/wp-json\/wp\/v2\/categories?post=238829"},{"taxonomy":"post_tag","embeddable":true,"href":"https:\/\/corrientesdetarde.com\/index.php\/wp-json\/wp\/v2\/tags?post=238829"}],"curies":[{"name":"wp","href":"https:\/\/api.w.org\/{rel}","templated":true}]}}