{"id":238836,"date":"2025-12-07T21:12:54","date_gmt":"2025-12-08T00:12:54","guid":{"rendered":"https:\/\/corrientesdetarde.com\/?p=238836"},"modified":"2025-12-07T21:13:00","modified_gmt":"2025-12-08T00:13:00","slug":"espana-y-paises-bajos-un-nuevo-respaldo-a-marruecos","status":"publish","type":"post","link":"https:\/\/corrientesdetarde.com\/index.php\/eventossociedad\/espana-y-paises-bajos-un-nuevo-respaldo-a-marruecos\/","title":{"rendered":"Espa\u00f1a y Pa\u00edses Bajos, un nuevo respaldo a Marruecos"},"content":{"rendered":"\n<p><strong>El Jefe del Gobierno marroqu\u00ed, Aziz Akhannouch, y el Presidente del Gobierno espa\u00f1ol, Pedro S\u00e1nchez, han copresidido en Madrid, la XIII sesi\u00f3n de la Reuni\u00f3n de Alto Nivel Marruecos-Espa\u00f1a<\/strong><\/p>\n\n\n\n<p>Los d\u00edas jueves 4 y viernes 5 de diciembre en dos capitales europeas, Madrid y La Haya, el Estado marroqu\u00ed cosech\u00f3 un fuerte respaldo de los Pa\u00edses Bajos y Espa\u00f1a.<\/p>\n\n\n\n<p>Al finalizar la 13.\u00aa sesi\u00f3n de la Reuni\u00f3n de Alto Nivel Marruecos-Espa\u00f1a, mantenida, el jueves en Madrid y al t\u00e9rmino de la entrevista mantenida el viernes, en La Haya, entre los cancilleres de Marruecos y Los Pa\u00edses Bajos, ambos Estados europeos saludaron los progresos realizados por el Reino nor-africano, en particular las ambiciosas reformas llevadas a cabo bajo la direcci\u00f3n de Su Majestad el Rey Mohammed VI y expreson un gran inter\u00e9s por las iniciativas lanzadas en beneficio del continente africano, citando la Iniciativa del Proceso de los Estados Africanos Atl\u00e1nticos, la Iniciativa Real para permitir a los Estados del Sahel acceder al oc\u00e9ano Atl\u00e1ntico y el proyecto del Gasoducto Africano Atl\u00e1ntico.&nbsp; &nbsp; &nbsp; &nbsp; &nbsp; &nbsp;&nbsp; &nbsp;<\/p>\n\n\n\n<figure class=\"wp-block-image\"><a href=\"https:\/\/blogger.googleusercontent.com\/img\/a\/AVvXsEhfM1QwJG9T16Ikq7RqCXfplVfrgX9eIYPuHWgw1STy33EUtQTsuQTyk0C97F_ip2oXWnRIyE4XzD2M3ASlXgEaYsNSWLQeymuCCEnTGrX0tEVqFsbqnwZHKIYZOdIZc7WdVKJUonxYuslXueMFj6BMUBhlLP6iz6ggv41lEB_8A15czH5K3Qh50mzevTM\"><img decoding=\"async\" src=\"https:\/\/blogger.googleusercontent.com\/img\/a\/AVvXsEhfM1QwJG9T16Ikq7RqCXfplVfrgX9eIYPuHWgw1STy33EUtQTsuQTyk0C97F_ip2oXWnRIyE4XzD2M3ASlXgEaYsNSWLQeymuCCEnTGrX0tEVqFsbqnwZHKIYZOdIZc7WdVKJUonxYuslXueMFj6BMUBhlLP6iz6ggv41lEB_8A15czH5K3Qh50mzevTM=w400-h225\" alt=\"\"\/><\/a><\/figure>\n\n\n\n<p><strong>Nasser Bourita se reuni\u00f3 en La Haya con su hom\u00f3logo, David Van Weel. Ambos Cancilleres se felicitaron por el impulso positivo que est\u00e1 experimentando la relaci\u00f3n y decidieron trabajar para elevarla al rango de Asociaci\u00f3n estrat\u00e9gica.<br><br><\/strong>Estas iniciativas, subrayan, reflejan el compromiso de Marruecos con la estabilidad y la prosperidad del continente africano.<\/p>\n\n\n\n<p>Es para destacar que acogieron favorablemente la adopci\u00f3n de la Resoluci\u00f3n 2797 del Consejo de Seguridad de ONU y declarar\u00f3n su pleno apoyo a la iniciativa de Autonomia de Marruecos, con el objetivo de alcanzar una soluci\u00f3n justa, duradera y mutuamente aceptable.<\/p>\n\n\n\n<p>Los dos Reinos tambi\u00e9n saludaron el papel constructivo y pacificador desempe\u00f1ado por Marruecos en Oriente Medio, homenajeando al compromiso de Su Majestad el Rey Mohammed VI, como Presidente del Comit\u00e9 Al-Qods.<\/p>\n","protected":false},"excerpt":{"rendered":"<p>El Jefe del Gobierno marroqu\u00ed, Aziz Akhannouch, y el Presidente del Gobierno espa\u00f1ol, Pedro S\u00e1nchez, han copresidido en Madrid, la XIII sesi\u00f3n de la Reuni\u00f3n de Alto Nivel Marruecos-Espa\u00f1a Los&hellip; <\/p>\n","protected":false},"author":11,"featured_media":238837,"comment_status":"closed","ping_status":"open","sticky":false,"template":"","format":"standard","meta":{"footnotes":""},"categories":[1208],"tags":[],"class_list":["post-238836","post","type-post","status-publish","format-standard","has-post-thumbnail","hentry","category-eventossociedad"],"_links":{"self":[{"href":"https:\/\/corrientesdetarde.com\/index.php\/wp-json\/wp\/v2\/posts\/238836","targetHints":{"allow":["GET"]}}],"collection":[{"href":"https:\/\/corrientesdetarde.com\/index.php\/wp-json\/wp\/v2\/posts"}],"about":[{"href":"https:\/\/corrientesdetarde.com\/index.php\/wp-json\/wp\/v2\/types\/post"}],"author":[{"embeddable":true,"href":"https:\/\/corrientesdetarde.com\/index.php\/wp-json\/wp\/v2\/users\/11"}],"replies":[{"embeddable":true,"href":"https:\/\/corrientesdetarde.com\/index.php\/wp-json\/wp\/v2\/comments?post=238836"}],"version-history":[{"count":1,"href":"https:\/\/corrientesdetarde.com\/index.php\/wp-json\/wp\/v2\/posts\/238836\/revisions"}],"predecessor-version":[{"id":238838,"href":"https:\/\/corrientesdetarde.com\/index.php\/wp-json\/wp\/v2\/posts\/238836\/revisions\/238838"}],"wp:featuredmedia":[{"embeddable":true,"href":"https:\/\/corrientesdetarde.com\/index.php\/wp-json\/wp\/v2\/media\/238837"}],"wp:attachment":[{"href":"https:\/\/corrientesdetarde.com\/index.php\/wp-json\/wp\/v2\/media?parent=238836"}],"wp:term":[{"taxonomy":"category","embeddable":true,"href":"https:\/\/corrientesdetarde.com\/index.php\/wp-json\/wp\/v2\/categories?post=238836"},{"taxonomy":"post_tag","embeddable":true,"href":"https:\/\/corrientesdetarde.com\/index.php\/wp-json\/wp\/v2\/tags?post=238836"}],"curies":[{"name":"wp","href":"https:\/\/api.w.org\/{rel}","templated":true}]}}