{"id":238847,"date":"2025-12-07T22:48:33","date_gmt":"2025-12-08T01:48:33","guid":{"rendered":"https:\/\/corrientesdetarde.com\/?p=238847"},"modified":"2025-12-07T22:48:46","modified_gmt":"2025-12-08T01:48:46","slug":"cuando-robaron-la-corona-de-la-virgen-de-itati","status":"publish","type":"post","link":"https:\/\/corrientesdetarde.com\/index.php\/destacados\/cuando-robaron-la-corona-de-la-virgen-de-itati\/","title":{"rendered":"Cuando robaron la corona de la Virgen de Itat\u00ed"},"content":{"rendered":"\n<p>Una noche parti\u00f3 de su altar sin rastro y abri\u00f3 un cap\u00edtulo oscuro para el Santuario correntino. A\u00f1os despu\u00e9s volvi\u00f3 a la luz en la costa del Paran\u00e1 y dej\u00f3 un relato que a\u00fan inquieta.<\/p>\n\n\n\n<p>El robo ocurri\u00f3 durante la noche del 27 al 28 de noviembre de 1902, cuando la corona de oro y piedras preciosas de la Virgen de Itat\u00ed desapareci\u00f3 del Santuario correntino. La reacci\u00f3n fue inmediata; fuerzas policiales y autoridades eclesi\u00e1sticas intervinieron mientras la causa judicial avanzaba con confusi\u00f3n y versiones cruzadas.<\/p>\n\n\n\n<p>La recuperaci\u00f3n se produjo el 8 de marzo de 1905 en las orillas del r\u00edo Paran\u00e1 frente a Itat\u00ed. La pieza apareci\u00f3 semienterrada, deformada y abollada, aunque casi completa. Su primer destino fue el Obispado de Paran\u00e1 para una refacci\u00f3n inicial.<\/p>\n\n\n\n<p>En ese tramo surgi\u00f3 un giro inesperado cuando la justicia correntina orden\u00f3 el secuestro mediante un allanamiento mientras la corona estaba en Paran\u00e1. Desde ese momento qued\u00f3 bajo custodia hasta el 28 de julio de 1907.<\/p>\n\n\n\n<p>Ese mismo d\u00eda regres\u00f3 al Obispado de Paran\u00e1 y pas\u00f3 al taller encargado de la reparaci\u00f3n final en la capital entrerriana. El proceso concluy\u00f3 meses despu\u00e9s y deriv\u00f3 en la nueva coronaci\u00f3n del 25 de marzo de 1908. La ceremonia qued\u00f3 a cargo de Monse\u00f1or Rosendo de la Lastra y Gordillo al caer la tarde y un coro infantil enton\u00f3 &#8220;Reina del Cielo&#8221; en el cierre, detalle recordado por los presentes del lugar.<\/p>\n","protected":false},"excerpt":{"rendered":"<p>Una noche parti\u00f3 de su altar sin rastro y abri\u00f3 un cap\u00edtulo oscuro para el Santuario correntino. A\u00f1os despu\u00e9s volvi\u00f3 a la luz en la costa del Paran\u00e1 y dej\u00f3&hellip; <\/p>\n","protected":false},"author":4,"featured_media":238848,"comment_status":"closed","ping_status":"open","sticky":false,"template":"","format":"standard","meta":{"footnotes":""},"categories":[26],"tags":[],"class_list":["post-238847","post","type-post","status-publish","format-standard","has-post-thumbnail","hentry","category-destacados"],"_links":{"self":[{"href":"https:\/\/corrientesdetarde.com\/index.php\/wp-json\/wp\/v2\/posts\/238847","targetHints":{"allow":["GET"]}}],"collection":[{"href":"https:\/\/corrientesdetarde.com\/index.php\/wp-json\/wp\/v2\/posts"}],"about":[{"href":"https:\/\/corrientesdetarde.com\/index.php\/wp-json\/wp\/v2\/types\/post"}],"author":[{"embeddable":true,"href":"https:\/\/corrientesdetarde.com\/index.php\/wp-json\/wp\/v2\/users\/4"}],"replies":[{"embeddable":true,"href":"https:\/\/corrientesdetarde.com\/index.php\/wp-json\/wp\/v2\/comments?post=238847"}],"version-history":[{"count":1,"href":"https:\/\/corrientesdetarde.com\/index.php\/wp-json\/wp\/v2\/posts\/238847\/revisions"}],"predecessor-version":[{"id":238849,"href":"https:\/\/corrientesdetarde.com\/index.php\/wp-json\/wp\/v2\/posts\/238847\/revisions\/238849"}],"wp:featuredmedia":[{"embeddable":true,"href":"https:\/\/corrientesdetarde.com\/index.php\/wp-json\/wp\/v2\/media\/238848"}],"wp:attachment":[{"href":"https:\/\/corrientesdetarde.com\/index.php\/wp-json\/wp\/v2\/media?parent=238847"}],"wp:term":[{"taxonomy":"category","embeddable":true,"href":"https:\/\/corrientesdetarde.com\/index.php\/wp-json\/wp\/v2\/categories?post=238847"},{"taxonomy":"post_tag","embeddable":true,"href":"https:\/\/corrientesdetarde.com\/index.php\/wp-json\/wp\/v2\/tags?post=238847"}],"curies":[{"name":"wp","href":"https:\/\/api.w.org\/{rel}","templated":true}]}}