{"id":238852,"date":"2025-12-07T23:10:44","date_gmt":"2025-12-08T02:10:44","guid":{"rendered":"https:\/\/corrientesdetarde.com\/?p=238852"},"modified":"2025-12-07T23:10:54","modified_gmt":"2025-12-08T02:10:54","slug":"una-vaca-suelta-por-las-calles-de-saladas","status":"publish","type":"post","link":"https:\/\/corrientesdetarde.com\/index.php\/locales\/una-vaca-suelta-por-las-calles-de-saladas\/","title":{"rendered":"Una vaca suelta por las calles de Saladas"},"content":{"rendered":"\n<p>La grabaci\u00f3n fue registrada en los \u00faltimos d\u00edas en Corrientes. La difusi\u00f3n creci\u00f3 despu\u00e9s de la publicaci\u00f3n de una vecina.<\/p>\n\n\n\n<p>Una vaca avanz\u00f3 por una calle de Saladas, Corrientes, y qued\u00f3 registrada en un video que se viraliz\u00f3 en las \u00faltimas horas. El animal sigui\u00f3 su recorrido en medio del tr\u00e1nsito y llam\u00f3 la atenci\u00f3n de quienes presenciaron el momento.<\/p>\n\n\n\n<p>&#8220;Imaginate vivir en Europa y perderte esto&#8221;, sostuvo Freya Mart\u00ednez, autora del video.<\/p>\n","protected":false},"excerpt":{"rendered":"<p>La grabaci\u00f3n fue registrada en los \u00faltimos d\u00edas en Corrientes. La difusi\u00f3n creci\u00f3 despu\u00e9s de la publicaci\u00f3n de una vecina. Una vaca avanz\u00f3 por una calle de Saladas, Corrientes, y&hellip; <\/p>\n","protected":false},"author":4,"featured_media":238853,"comment_status":"closed","ping_status":"open","sticky":false,"template":"","format":"standard","meta":{"footnotes":""},"categories":[8],"tags":[],"class_list":["post-238852","post","type-post","status-publish","format-standard","has-post-thumbnail","hentry","category-locales"],"_links":{"self":[{"href":"https:\/\/corrientesdetarde.com\/index.php\/wp-json\/wp\/v2\/posts\/238852","targetHints":{"allow":["GET"]}}],"collection":[{"href":"https:\/\/corrientesdetarde.com\/index.php\/wp-json\/wp\/v2\/posts"}],"about":[{"href":"https:\/\/corrientesdetarde.com\/index.php\/wp-json\/wp\/v2\/types\/post"}],"author":[{"embeddable":true,"href":"https:\/\/corrientesdetarde.com\/index.php\/wp-json\/wp\/v2\/users\/4"}],"replies":[{"embeddable":true,"href":"https:\/\/corrientesdetarde.com\/index.php\/wp-json\/wp\/v2\/comments?post=238852"}],"version-history":[{"count":1,"href":"https:\/\/corrientesdetarde.com\/index.php\/wp-json\/wp\/v2\/posts\/238852\/revisions"}],"predecessor-version":[{"id":238854,"href":"https:\/\/corrientesdetarde.com\/index.php\/wp-json\/wp\/v2\/posts\/238852\/revisions\/238854"}],"wp:featuredmedia":[{"embeddable":true,"href":"https:\/\/corrientesdetarde.com\/index.php\/wp-json\/wp\/v2\/media\/238853"}],"wp:attachment":[{"href":"https:\/\/corrientesdetarde.com\/index.php\/wp-json\/wp\/v2\/media?parent=238852"}],"wp:term":[{"taxonomy":"category","embeddable":true,"href":"https:\/\/corrientesdetarde.com\/index.php\/wp-json\/wp\/v2\/categories?post=238852"},{"taxonomy":"post_tag","embeddable":true,"href":"https:\/\/corrientesdetarde.com\/index.php\/wp-json\/wp\/v2\/tags?post=238852"}],"curies":[{"name":"wp","href":"https:\/\/api.w.org\/{rel}","templated":true}]}}