{"id":238858,"date":"2025-12-07T23:28:09","date_gmt":"2025-12-08T02:28:09","guid":{"rendered":"https:\/\/corrientesdetarde.com\/?p=238858"},"modified":"2025-12-07T23:28:15","modified_gmt":"2025-12-08T02:28:15","slug":"instituto-de-cardiologia-de-corrientes-desmintio-la-baja-de-atencion-a-afiliados-del-pami","status":"publish","type":"post","link":"https:\/\/corrientesdetarde.com\/index.php\/destacados\/instituto-de-cardiologia-de-corrientes-desmintio-la-baja-de-atencion-a-afiliados-del-pami\/","title":{"rendered":"Instituto de Cardiolog\u00eda de Corrientes desminti\u00f3 la baja de atenci\u00f3n a afiliados del Pami"},"content":{"rendered":"\n<p>Ante rumores de deuda y baja de servicio, el director de la instituci\u00f3n aclar\u00f3 que las cuentas con el Pami est\u00e1n al d\u00eda y que la atenci\u00f3n no ver\u00e1 cambios incluso en \u00e9pocas de vacaciones de verano.<\/p>\n\n\n\n<p>Tras\u00a0<strong>comentarios\u00a0<\/strong>sobre la\u00a0<strong>baja del servicio\u00a0<\/strong>para\u00a0<strong>afiliados del Pami\u00a0<\/strong>en el\u00a0<strong>Instituto de Cardiolog\u00eda de Corrientes (ICC)<\/strong>, el\u00a0<strong>director\u00a0<\/strong>de la instituci\u00f3n\u00a0<strong>habl\u00f3 al respecto<\/strong>.<\/p>\n\n\n\n<p>El director ejecutivo del&nbsp;<strong>Instituto de Cardiolog\u00eda de Corrientes<\/strong>,&nbsp;<strong>Dr. Julio Vallejos<\/strong>, fue&nbsp;<strong>consultado&nbsp;<\/strong>por este medio tras supuestas&nbsp;<strong>quejas de afiliados al Pami<\/strong>, cuya&nbsp;<strong>atenci\u00f3n&nbsp;<\/strong>fue&nbsp;<strong>suspendida&nbsp;<\/strong>en el centro m\u00e9dico por una&nbsp;<strong>deuda&nbsp;<\/strong>que se sosten\u00eda&nbsp;<strong>desde noviembre de este a\u00f1o<\/strong>.<\/p>\n\n\n\n<p>Al respecto, el&nbsp;<strong>Dr. Vallejos dijo&nbsp;<\/strong>que \u201cel&nbsp;<strong>Pami es uno de nuestros principales financiadores&nbsp;<\/strong>dado el perfil de pacientes que se atienden en el Instituto de Cardiolog\u00eda\u201d,&nbsp;<strong>destacando la importancia&nbsp;<\/strong>del&nbsp;<strong>v\u00ednculo de ambas organizaciones<\/strong>.<\/p>\n\n\n\n<p>A esto \u00faltimo, el&nbsp;<strong>director agreg\u00f3&nbsp;<\/strong>que \u201c<strong>tenemos todas las cuentas con el Pami al d\u00eda<\/strong>\u201d,&nbsp;<strong>desmintiendo las versiones&nbsp;<\/strong>que llegaron a este medio.<\/p>\n\n\n\n<h2 class=\"wp-block-heading\">Actividad del ICC en verano<\/h2>\n\n\n\n<p>Una vez&nbsp;<strong>desmentidas las versiones&nbsp;<\/strong>de&nbsp;<strong>cancelaci\u00f3n de servicios<\/strong>, este medio consult\u00f3 sobre la&nbsp;<strong>atenci\u00f3n durante la \u00e9poca de vacaciones de verano<\/strong>.<\/p>\n\n\n\n<p><strong>Vallejos dijo&nbsp;<\/strong>al respecto que \u201cel Instituto va a&nbsp;<strong>seguir funcionando igualmente<\/strong>, como lo vino haciendo durante todo el a\u00f1o\u201d, dando a entender que&nbsp;<strong>todos los canales&nbsp;<\/strong>y&nbsp;<strong>horarios&nbsp;<\/strong>de&nbsp;<strong>atenci\u00f3n no se ver\u00e1n afectados&nbsp;<\/strong>en esta temporada.<\/p>\n\n\n\n<p>\u201cNosotros creemos que es&nbsp;<strong>muy importante seguir brind\u00e1ndole a la gente todo lo que puede el Instituto darle&nbsp;<\/strong>y estar siempre tratando de&nbsp;<strong>satisfacer&nbsp;<\/strong>justamente las&nbsp;<strong>necesidades de los pacientes<\/strong>\u201d, dijo el director para concluir.<\/p>\n","protected":false},"excerpt":{"rendered":"<p>Ante rumores de deuda y baja de servicio, el director de la instituci\u00f3n aclar\u00f3 que las cuentas con el Pami est\u00e1n al d\u00eda y que la atenci\u00f3n no ver\u00e1 cambios&hellip; <\/p>\n","protected":false},"author":4,"featured_media":238859,"comment_status":"closed","ping_status":"open","sticky":false,"template":"","format":"standard","meta":{"footnotes":""},"categories":[26],"tags":[],"class_list":["post-238858","post","type-post","status-publish","format-standard","has-post-thumbnail","hentry","category-destacados"],"_links":{"self":[{"href":"https:\/\/corrientesdetarde.com\/index.php\/wp-json\/wp\/v2\/posts\/238858","targetHints":{"allow":["GET"]}}],"collection":[{"href":"https:\/\/corrientesdetarde.com\/index.php\/wp-json\/wp\/v2\/posts"}],"about":[{"href":"https:\/\/corrientesdetarde.com\/index.php\/wp-json\/wp\/v2\/types\/post"}],"author":[{"embeddable":true,"href":"https:\/\/corrientesdetarde.com\/index.php\/wp-json\/wp\/v2\/users\/4"}],"replies":[{"embeddable":true,"href":"https:\/\/corrientesdetarde.com\/index.php\/wp-json\/wp\/v2\/comments?post=238858"}],"version-history":[{"count":1,"href":"https:\/\/corrientesdetarde.com\/index.php\/wp-json\/wp\/v2\/posts\/238858\/revisions"}],"predecessor-version":[{"id":238860,"href":"https:\/\/corrientesdetarde.com\/index.php\/wp-json\/wp\/v2\/posts\/238858\/revisions\/238860"}],"wp:featuredmedia":[{"embeddable":true,"href":"https:\/\/corrientesdetarde.com\/index.php\/wp-json\/wp\/v2\/media\/238859"}],"wp:attachment":[{"href":"https:\/\/corrientesdetarde.com\/index.php\/wp-json\/wp\/v2\/media?parent=238858"}],"wp:term":[{"taxonomy":"category","embeddable":true,"href":"https:\/\/corrientesdetarde.com\/index.php\/wp-json\/wp\/v2\/categories?post=238858"},{"taxonomy":"post_tag","embeddable":true,"href":"https:\/\/corrientesdetarde.com\/index.php\/wp-json\/wp\/v2\/tags?post=238858"}],"curies":[{"name":"wp","href":"https:\/\/api.w.org\/{rel}","templated":true}]}}