{"id":238865,"date":"2025-12-08T08:00:44","date_gmt":"2025-12-08T11:00:44","guid":{"rendered":"https:\/\/corrientesdetarde.com\/?p=238865"},"modified":"2025-12-08T08:00:57","modified_gmt":"2025-12-08T11:00:57","slug":"itati-recibe-a-miles-de-fieles-en-el-dia-de-la-inmaculada-concepcion","status":"publish","type":"post","link":"https:\/\/corrientesdetarde.com\/index.php\/actualidad\/itati-recibe-a-miles-de-fieles-en-el-dia-de-la-inmaculada-concepcion\/","title":{"rendered":"Itat\u00ed recibe a miles de fieles en el D\u00eda de la Inmaculada Concepci\u00f3n"},"content":{"rendered":"\n<p>Como en los \u00faltimos a\u00f1os, el colorido lo ponen los ciclistas que llegan de la ciudad de Posadas y otros puntos de la regi\u00f3n. Hoy, a las 19, se prev\u00e9 la misa central presidida por el arzobispo de Corrientes, Jos\u00e9 Adolfo Larregain, en la que adem\u00e1s se realizar\u00e1 la primera comuni\u00f3n de ni\u00f1os.<\/p>\n\n\n\n<p>En el D\u00eda de la Inmaculada Concepci\u00f3n de Mar\u00eda, la localidad de Itat\u00ed recibe a miles de fieles que llegan de distintos puntos de Argentina y de pa\u00edses lim\u00edtrofes.<\/p>\n\n\n\n<p>Adem\u00e1s para los itate\u00f1os es un d\u00eda especial por el 410\u00ba aniversario de su fundaci\u00f3n. El programa comenz\u00f3 el pasado viernes 5 y hoy se concretar\u00e1n los actos centrales.<\/p>\n\n\n\n<p>Como es tradici\u00f3n, los fieles realizan en este tiempo, de cara a la solemnidad de la Inmaculada Concepci\u00f3n, un triduo de oraci\u00f3n buscando el recogimiento espiritual en la Bas\u00edlica. Se trata de tres d\u00edas de oraci\u00f3n, que se realizan en el templo donde se oficiar\u00e1n misas a las 8:30, 11 y 17. El rezo del rosario de las 18:15 estar\u00e1 dedicado a la juventud, previo a la misa vespertina de las 19.<\/p>\n\n\n\n<p>Ayer se conmemor\u00f3 los 410 a\u00f1os de la fundaci\u00f3n de Itat\u00ed y en ese marco, a la medianoche el repique de campanas de la Bas\u00edlica anunci\u00f3 la festividad.<\/p>\n\n\n\n<p>A lo largo del d\u00eda se mantuvo los horarios de misas (9:30, 11 y 17) y se espera la llegada de la 45\u00aa Peregrinaci\u00f3n Cicl\u00edstica de Misiones al mediod\u00eda, muestra de la fe que une a las provincias mesopot\u00e1micas.<\/p>\n\n\n\n<figure class=\"wp-block-image\"><img decoding=\"async\" src=\"https:\/\/www.diarioepoca.com\/content\/bucket\/0\/1462790w380h263c.jpg.webp\" alt=\"\"\/><figcaption class=\"wp-element-caption\">MUCHOS DE LOS FIELES DE OTRAS PROVINCIAS PARTICIPARON DEL ANIVERSARIO 410.<\/figcaption><\/figure>\n\n\n\n<p>La tarde fue enteramente dedicada al festejo c\u00edvico. A las 18:45 se realiz\u00f3 el acto en la calle Castor de Le\u00f3n, con la imagen de la Virgen de Itat\u00ed como testigo de honor, seguido por un desfile tradicional.<\/p>\n\n\n\n<p>Hoy es el d\u00eda c\u00falmine de la fe mariana, cuando a la 0 la emoci\u00f3n se desborde con el tradicional saludo a Mar\u00eda de Itat\u00ed en el atrio de la Bas\u00edlica, un momento de profunda devoci\u00f3n que congrega a la multitud devota.<\/p>\n\n\n\n<p>Durante el d\u00eda, la Bas\u00edlica mantendr\u00e1 un intenso cronograma de misas a las 6:30, 8, 9:30, 11 y 17. A las 18:15 se recibir\u00e1 a la Virgen de Caacup\u00e9 en un hermoso gesto de hermandad con la fe del vecino pueblo paraguayo.<\/p>\n\n\n\n<p>A las 19 se prev\u00e9 la misa solemne presidida por el arzobispo de Corrientes, monse\u00f1or Jos\u00e9 Adolfo Larregain, en la que adem\u00e1s se realizar\u00e1 la primera comuni\u00f3n de ni\u00f1os y se clausurar\u00e1 la Misi\u00f3n de la Virgen por los hogares. La jornada concluir\u00e1 a las 20 con la luminosa procesi\u00f3n de antorchas, en la cual las im\u00e1genes de la Virgen de Itat\u00ed y de Caacup\u00e9 recorrer\u00e1n las calles iluminadas por la fe de sus devotos.<\/p>\n\n\n\n<h2 class=\"wp-block-heading\">Representaci\u00f3n en la San Juan Pablo II<\/h2>\n\n\n\n<figure class=\"wp-block-image\"><img decoding=\"async\" src=\"https:\/\/www.diarioepoca.com\/content\/bucket\/7\/1462817w380h232c.jpg.webp\" alt=\"\"\/><\/figure>\n\n\n\n<p>En el barrio Pirayu\u00ed Nuevo se encuentra la capilla de San Juan Pablo II. Como la mayor\u00eda de las comunidades cat\u00f3licas viven una jornada especial. Ayer, en la previa al D\u00eda de la Inmaculada Concepci\u00f3n de Mar\u00eda, finalizada la misa, las ni\u00f1as de la precatequesis -de la mencionada comunidad-, acompa\u00f1adas por sus padres representaron las distintas advocaciones de la Virgen Mar\u00eda.<\/p>\n\n\n\n<figure class=\"wp-block-image\"><img decoding=\"async\" src=\"https:\/\/www.diarioepoca.com\/content\/bucket\/8\/1462818w380h229c.jpg.webp\" alt=\"\"\/><\/figure>\n\n\n\n<p>La representaci\u00f3n de las distintas im\u00e1genes brind\u00f3 un toque especial, la ni\u00f1a Mikela represent\u00f3 a Nuestra Se\u00f1ora de Itat\u00ed, Isabella a la Virgen de la Dulce Espera, Ariana a la de F\u00e1tima, Sol a la Medalla Milagrosa, Olivia a la Virgen del Valle y Sof\u00eda a la Virgen de Guadalupe.<\/p>\n","protected":false},"excerpt":{"rendered":"<p>Como en los \u00faltimos a\u00f1os, el colorido lo ponen los ciclistas que llegan de la ciudad de Posadas y otros puntos de la regi\u00f3n. Hoy, a las 19, se prev\u00e9&hellip; <\/p>\n","protected":false},"author":3,"featured_media":238870,"comment_status":"closed","ping_status":"open","sticky":false,"template":"","format":"standard","meta":{"footnotes":""},"categories":[23],"tags":[],"class_list":["post-238865","post","type-post","status-publish","format-standard","has-post-thumbnail","hentry","category-actualidad"],"_links":{"self":[{"href":"https:\/\/corrientesdetarde.com\/index.php\/wp-json\/wp\/v2\/posts\/238865","targetHints":{"allow":["GET"]}}],"collection":[{"href":"https:\/\/corrientesdetarde.com\/index.php\/wp-json\/wp\/v2\/posts"}],"about":[{"href":"https:\/\/corrientesdetarde.com\/index.php\/wp-json\/wp\/v2\/types\/post"}],"author":[{"embeddable":true,"href":"https:\/\/corrientesdetarde.com\/index.php\/wp-json\/wp\/v2\/users\/3"}],"replies":[{"embeddable":true,"href":"https:\/\/corrientesdetarde.com\/index.php\/wp-json\/wp\/v2\/comments?post=238865"}],"version-history":[{"count":1,"href":"https:\/\/corrientesdetarde.com\/index.php\/wp-json\/wp\/v2\/posts\/238865\/revisions"}],"predecessor-version":[{"id":238875,"href":"https:\/\/corrientesdetarde.com\/index.php\/wp-json\/wp\/v2\/posts\/238865\/revisions\/238875"}],"wp:featuredmedia":[{"embeddable":true,"href":"https:\/\/corrientesdetarde.com\/index.php\/wp-json\/wp\/v2\/media\/238870"}],"wp:attachment":[{"href":"https:\/\/corrientesdetarde.com\/index.php\/wp-json\/wp\/v2\/media?parent=238865"}],"wp:term":[{"taxonomy":"category","embeddable":true,"href":"https:\/\/corrientesdetarde.com\/index.php\/wp-json\/wp\/v2\/categories?post=238865"},{"taxonomy":"post_tag","embeddable":true,"href":"https:\/\/corrientesdetarde.com\/index.php\/wp-json\/wp\/v2\/tags?post=238865"}],"curies":[{"name":"wp","href":"https:\/\/api.w.org\/{rel}","templated":true}]}}