{"id":238866,"date":"2025-12-08T08:00:47","date_gmt":"2025-12-08T11:00:47","guid":{"rendered":"https:\/\/corrientesdetarde.com\/?p=238866"},"modified":"2025-12-08T08:00:49","modified_gmt":"2025-12-08T11:00:49","slug":"presentan-el-pesebre-autoctono-en-el-anfiteatro-jose-hernandez","status":"publish","type":"post","link":"https:\/\/corrientesdetarde.com\/index.php\/locales\/presentan-el-pesebre-autoctono-en-el-anfiteatro-jose-hernandez\/","title":{"rendered":"Presentan el pesebre aut\u00f3ctono en el anfiteatro Jos\u00e9 Hern\u00e1ndez"},"content":{"rendered":"\n<p>Se trata de una obra realizada por el dise\u00f1ador art\u00edstico Horacio G\u00f3mez, que cuenta con un concepto totalmente artesanal, fusionando la sagrada familia tradicional con la intervenci\u00f3n de fauna aut\u00f3ctona de la regi\u00f3n. En el lugar tambi\u00e9n se instalar\u00e1 el &#8220;\u00c1rbol de los deseos&#8221;.<\/p>\n\n\n\n<p>La Municipalidad de Corrientes estrenar\u00e1 hoy el pesebre aut\u00f3ctono en el anfiteatro Jos\u00e9 Hern\u00e1ndez. El pesebre, una obra realizada por el artista Horacio G\u00f3mez, est\u00e1 elaborado con un concepto totalmente artesanal, fusionando la sagrada familia tradicional con la intervenci\u00f3n de fauna aut\u00f3ctona de la regi\u00f3n.<\/p>\n\n\n\n<p>El secretario de Infraestructura, Mathias Cabrera, explic\u00f3 que el artista Horacio G\u00f3mez realiz\u00f3 la restauraci\u00f3n de las im\u00e1genes del pesebre &#8220;para dejar todo listo el 8 de diciembre que es cuando queremos hacer el encendido simb\u00f3lico en el anfiteatro Jos\u00e9 Hern\u00e1ndez&#8221;.<\/p>\n\n\n\n<p>El funcionario cont\u00f3 que las figuras sufrieron deterioro por estar expuestas a las inclemencias del tiempo en un lugar p\u00fablico. &#8220;Es necesario tener un mantenimiento, hacer restauraciones y nadie mejor que el artista Horacio G\u00f3mez para poder arreglar las figuras que cre\u00f3 y dejarlas en condiciones&#8221;, asegur\u00f3.<\/p>\n\n\n\n<p>En ese sentido, Cabrera destac\u00f3 la intervenci\u00f3n del artista. &#8220;Esto es mano de obra 100% correntina, es un artista muy reconocido. Es un placer y un honor que elija trabajar con nosotros y que nos acompa\u00f1e en este hermoso proyecto impulsado por la Municipalidad&#8221;, precis\u00f3.<\/p>\n\n\n\n<p>El dise\u00f1ador art\u00edstico, Horacio G\u00f3mez, precis\u00f3 que el pesebre es de &#8220;tama\u00f1o real, con un concepto org\u00e1nico, con la inclusi\u00f3n de animales regionales y con elementos de la naturaleza para que lo hagan m\u00e1s aut\u00f3ctono&#8221;.<\/p>\n\n\n\n<figure class=\"wp-block-image\"><img decoding=\"async\" src=\"https:\/\/www.diarioepoca.com\/content\/bucket\/3\/1462793w380h259c.jpg.webp\" alt=\"\"\/><figcaption class=\"wp-element-caption\">EL A\u00d1O PASADO TUVO BUENA REPERCUSI\u00d3N EL \u00c1RBOL DE LOS MENSAJES ESCRITOS.<\/figcaption><\/figure>\n\n\n\n<p>&#8220;Si bien me encanta la tradici\u00f3n del pesebre, quer\u00edamos agregar esos detalles, que creo que lo hicieron un poco m\u00e1s particular y marcaron esa diferencia en relaci\u00f3n a los dem\u00e1s pesebres&#8221;, agreg\u00f3, y seguidamente explic\u00f3 que &#8220;por supuesto que la Sagrada Familia est\u00e1, se mantienen los Reyes Magos, pero aplicar un poco tambi\u00e9n la artesan\u00eda dentro de esta propuesta, creo que result\u00f3 muy interesante para toda la gente de Corrientes que pudo ir a apreciar la puesta esc\u00e9nica&#8221;.<\/p>\n\n\n\n<p>En cuanto a las restauraciones, G\u00f3mez sostuvo que &#8220;se retocaron las ropas debido a que estuvieron expuestas a las inclemencias del tiempo. Se tuvo que volver a hacer los tratamientos sobre las telas para que queden como im\u00e1genes reales, se toc\u00f3 mucho la pintura tambi\u00e9n de los rostros, entre otros detalles&#8221;.<\/p>\n\n\n\n<p>Adem\u00e1s, adelant\u00f3 que este a\u00f1o el pesebre tendr\u00e1 &#8220;peque\u00f1os cambios: la estrella va a estar m\u00e1s alta, la casa va a ser m\u00e1s grande, el cielo estrellado de fondo va a ser un poco m\u00e1s amplio&#8221;.<\/p>\n\n\n\n<h2 class=\"wp-block-heading\">Otros \u00e1rboles<\/h2>\n\n\n\n<p>El secretario de Infraestructura precis\u00f3 que la Municipalidad &#8220;instalar\u00e1 un \u00e1rbol con toda una ornamentaci\u00f3n en la plaza del Mercosur, tambi\u00e9n habr\u00e1 otro de 9 metros en el final de la costanera, frente al Club Boca Unidos&#8221;. Adem\u00e1s, acompa\u00f1ando al pesebre, estar\u00e1 el &#8220;\u00c1rbol de los Deseos&#8221;.<\/p>\n\n\n\n<p>Asimismo, se\u00f1al\u00f3 que personal municipal comenz\u00f3 &#8220;a colocar todas las luminarias que son m\u00e1s de 130 decoraciones que van instaladas en las farolas de toda la costanera&#8221;.<\/p>\n\n\n\n<h2 class=\"wp-block-heading\">Servicios para el feriado de hoy<\/h2>\n\n\n\n<figure class=\"wp-block-image\"><img decoding=\"async\" src=\"https:\/\/www.diarioepoca.com\/content\/bucket\/9\/1462819w380h257c.jpg.webp\" alt=\"\"\/><\/figure>\n\n\n\n<p>La Municipalidad de Corrientes informa acerca del funcionamiento de los servicios que habitualmente brinda a los vecinos, teniendo en cuenta que hoy ser\u00e1 feriado por el D\u00eda de la Inmaculada Concepci\u00f3n de Mar\u00eda.<\/p>\n\n\n\n<p>La Secretar\u00eda de Ambiente informa que se prestar\u00e1n normalmente el servicio de recolecci\u00f3n de residuos en las dos zonas en las que est\u00e1 dividida operativamente la ciudad.<\/p>\n\n\n\n<p>El Tribunal de Faltas funcionar\u00e1 con una guardia que atender\u00e1 de 8 a 16, para tr\u00e1mites abreviados de secuestros comunes (retiro de veh\u00edculos de la v\u00eda p\u00fablica). No habr\u00e1 juzgados hasta el martes 9.<\/p>\n\n\n\n<p>La Direcci\u00f3n de Defunciones atender\u00e1 durante el feriado largo con una guardia que funcionar\u00e1 en la oficina interna de calle 25 de Mayo 1132 (Palacio Municipal) en horario de 7 a 19, \u00fanicamente para tr\u00e1mites de inhumaciones, traslados e introducci\u00f3n de cenizas. En el caso de los cementerios San Juan Bautista, del barrio Virgen de los Dolores, y San Isidro Labrador, de Laguna Brava, estar\u00e1n abiertos, de 7 a 17, para visitas e inhumaciones.<\/p>\n\n\n\n<p>La Subsecretar\u00eda de Transporte indic\u00f3 que no se cobrar\u00e1 el Estacionamiento Medido y tampoco funcionar\u00e1n los Puntos SUBE.<\/p>\n\n\n\n<p>Por su parte, desde el \u00e1rea de Turismo se indic\u00f3 qu\u00e9 Centros de Informaci\u00f3n Tur\u00edstica funcionar\u00e1n el fin de semana largo con esta modalidad: Paseo de Compras de Lavalle, de 16 a 20; Paseo del Puerto de 8 a 12, plaza Cabral, de 9 a 13 y de 14 a 20; Terminal, de 8 a 14 y de 16 a 20; y plaza Vera de 14 a 22.<\/p>\n","protected":false},"excerpt":{"rendered":"<p>Se trata de una obra realizada por el dise\u00f1ador art\u00edstico Horacio G\u00f3mez, que cuenta con un concepto totalmente artesanal, fusionando la sagrada familia tradicional con la intervenci\u00f3n de fauna aut\u00f3ctona&hellip; <\/p>\n","protected":false},"author":3,"featured_media":238871,"comment_status":"closed","ping_status":"open","sticky":false,"template":"","format":"standard","meta":{"footnotes":""},"categories":[8],"tags":[],"class_list":["post-238866","post","type-post","status-publish","format-standard","has-post-thumbnail","hentry","category-locales"],"_links":{"self":[{"href":"https:\/\/corrientesdetarde.com\/index.php\/wp-json\/wp\/v2\/posts\/238866","targetHints":{"allow":["GET"]}}],"collection":[{"href":"https:\/\/corrientesdetarde.com\/index.php\/wp-json\/wp\/v2\/posts"}],"about":[{"href":"https:\/\/corrientesdetarde.com\/index.php\/wp-json\/wp\/v2\/types\/post"}],"author":[{"embeddable":true,"href":"https:\/\/corrientesdetarde.com\/index.php\/wp-json\/wp\/v2\/users\/3"}],"replies":[{"embeddable":true,"href":"https:\/\/corrientesdetarde.com\/index.php\/wp-json\/wp\/v2\/comments?post=238866"}],"version-history":[{"count":1,"href":"https:\/\/corrientesdetarde.com\/index.php\/wp-json\/wp\/v2\/posts\/238866\/revisions"}],"predecessor-version":[{"id":238873,"href":"https:\/\/corrientesdetarde.com\/index.php\/wp-json\/wp\/v2\/posts\/238866\/revisions\/238873"}],"wp:featuredmedia":[{"embeddable":true,"href":"https:\/\/corrientesdetarde.com\/index.php\/wp-json\/wp\/v2\/media\/238871"}],"wp:attachment":[{"href":"https:\/\/corrientesdetarde.com\/index.php\/wp-json\/wp\/v2\/media?parent=238866"}],"wp:term":[{"taxonomy":"category","embeddable":true,"href":"https:\/\/corrientesdetarde.com\/index.php\/wp-json\/wp\/v2\/categories?post=238866"},{"taxonomy":"post_tag","embeddable":true,"href":"https:\/\/corrientesdetarde.com\/index.php\/wp-json\/wp\/v2\/tags?post=238866"}],"curies":[{"name":"wp","href":"https:\/\/api.w.org\/{rel}","templated":true}]}}