{"id":238868,"date":"2025-12-08T08:03:16","date_gmt":"2025-12-08T11:03:16","guid":{"rendered":"https:\/\/corrientesdetarde.com\/?p=238868"},"modified":"2025-12-08T08:03:17","modified_gmt":"2025-12-08T11:03:17","slug":"el-festival-guacaras-despidio-una-edicion-que-hizo-historia","status":"publish","type":"post","link":"https:\/\/corrientesdetarde.com\/index.php\/destacados\/el-festival-guacaras-despidio-una-edicion-que-hizo-historia\/","title":{"rendered":"El Festival Gu\u00e1caras despidi\u00f3 una edici\u00f3n que hizo historia"},"content":{"rendered":"\n<p>La obra ganadora fue &#8220;Gallina&#8221;, dirigida por Ana Lascurain y &#8220;Operativo Tarot&#8221;, de Irina Lugo en la competencia universitaria. Por otra parte, sin apoyo del Estado, el festival volvi\u00f3 a consolidarse en la regi\u00f3n. El p\u00fablico aport\u00f3 a &#8220;la gorra&#8221; y recaud\u00f3 el premio para la obra ganadora.<\/p>\n\n\n\n<p>Fue una edici\u00f3n at\u00edpica, pero asombrosamente hist\u00f3rica y cuando las cosas se dan de coraz\u00f3n inevitablemente tienen que suceder, como ocurri\u00f3 el s\u00e1bado con la celebraci\u00f3n de la 15\u00b0 Gu\u00e1caras Festival Internacional de Cine. Con la imagen conceptual del uruta\u00fa y bajo un manto de estrellas, la plaza se colm\u00f3 de espectadores para disfrutar del mejor festival del cine del interior del pa\u00eds.<\/p>\n\n\n\n<p>Santa Ana de los Gu\u00e1caras no pod\u00eda quedarse sin su distinguido festival, y sin apoyo de organismos del Estado, ni del Instituto de Cultura de la provincia, una de las m\u00e1ximas expresiones culturales de la provincia volvi\u00f3 a mostrar las \u00faltimas proyecciones audiovisuales independientes de la regi\u00f3n.<\/p>\n\n\n\n<p>&#8220;Fue una edici\u00f3n muy dif\u00edcil, realmente todo se hace cuesta arriba cuando no cont\u00e1s con apoyo para la producci\u00f3n de un festival tan complejo como este, pero con mucho sacrificio y voluntad volvimos a ratificar porqu\u00e9 el Gu\u00e1caras es una referencia regional y nacional&#8221;, expres\u00f3 a \u00e9poca su director y creador Marcel Czombos.<\/p>\n\n\n\n<p>A esto, el reconocido cineasta destac\u00f3 que este encuentro es sostenido \u00fanicamente por el p\u00fablico.<\/p>\n\n\n\n<p>&#8220;Nuestros Guacaradores est\u00e1n ah\u00ed y te generan un compromiso que es imposible ignorar. Ese esp\u00edritu colectivo que quiere mirar las historias de ac\u00e1, con su humor, con sus problem\u00e1ticas&#8221;, agreg\u00f3.<\/p>\n\n\n\n<p>En esta edici\u00f3n, el Premio del P\u00fablico fue para &#8220;Gallina&#8221;, el cortometraje paraguayo dirigido por Ana Lascurain. En la competencia universitaria, la ganadora fue &#8220;Operativo Tarot&#8221;, dirigida por Irina Lugo y producida por la FaDyCC\u0096UNNE. La competencia de colegios secundarios tuvo como ganadora a &#8220;Tres colillas&#8221;, basada en un cuento de &#8220;Cancho&#8221; Gordiolla Niella y realizada por la joven directora Tania Rojas, de Ca\u00e1 Cat\u00ed. En la competencia de videoclip, el premio fue para &#8220;No seas pelotudo&#8221;, de F\u00e1tima Cabrera.<\/p>\n\n\n\n<p>(Viene de la p\u00e1gina 8). Como este a\u00f1o no hubo recursos para premios, la organizaci\u00f3n ide\u00f3 las Vaquitas Audiovisuales, un gesto colectivo que permiti\u00f3 que cada competencia se llevara un aporte directo del p\u00fablico. As\u00ed, la competencia oficial reuni\u00f3 $164.000; la competencia universitaria recaud\u00f3 $168.000; la competencia de colegios secundarios obtuvo $72.000 y, adem\u00e1s, para videoclip se recaudaron $46.000 aportados por la gente durante la noche. Una demostraci\u00f3n enorme del cari\u00f1o y del compromiso de la comunidad con el cine regional.<\/p>\n\n\n\n<p>Tras las proyecciones, el Grupo Gu\u00e1caras entreg\u00f3 el reconocimiento a &#8220;Personalidad destacada&#8221; a Betty Andino, actriz, gestora y una de las impulsoras del Festival de Cine de Goya. Tambi\u00e9n se premi\u00f3 a \u00d3scar P\u00e9rez como mejor director por su cortometraje &#8220;Yvu&#8221;, a Mario To\u00f1anez como mejor actor por su labor en Gallina y a Mar\u00eda Denis como mejor actriz por su interpretaci\u00f3n en &#8220;Operativo Tarot&#8221;.<\/p>\n\n\n\n<figure class=\"wp-block-image\"><img decoding=\"async\" src=\"https:\/\/www.diarioepoca.com\/content\/bucket\/2\/1462822w380h152c.jpg.webp\" alt=\"\"\/><\/figure>\n\n\n\n<p>Esta edici\u00f3n hubiera sido imposible sin el apoyo de la gente y sin la ayuda imprescindible de colaboradores como Kil\u00f3metro 0 de Ca\u00e1 Cat\u00ed, que prestaron sonido y proyecci\u00f3n, y Alicia Canteros, que facilit\u00f3 las sillas de manera totalmente gratuita. En un contexto sin recursos, cada gesto de acompa\u00f1amiento fue fundamental.<\/p>\n\n\n\n<p>Y para el cierre, m\u00e1s all\u00e1 de los problemas t\u00e9cnicos y de proyecci\u00f3n propios de organizar un evento sin plata, la plaza llena se convirti\u00f3 en un gesto hermoso, un abrazo colectivo que sostuvo al festival hasta el \u00faltimo segundo. La organizaci\u00f3n no prometi\u00f3 continuidad; incluso se proyect\u00f3 en pantalla un enorme &#8220;FIN&#8221;. Pero, fiel a la tradici\u00f3n del Gu\u00e1caras, tambi\u00e9n se mostr\u00f3 la imagen del supuesto a\u00f1o siguiente: la flor del lapacho.<\/p>\n\n\n\n<p>El lapacho florece cuando ya no quedan hojas, cuando todo parece perdido. Renace despu\u00e9s de la ca\u00edda, de la sequ\u00eda, del desgaste. Es el \u00e1rbol que convierte la adversidad en belleza y la resistencia en color. Quiz\u00e1s por eso fue la imagen elegida: porque si alguna vez el Gu\u00e1caras vuelve, ser\u00e1 como el lapacho, renaciendo desde la comunidad, desde la memoria y desde el amor profundo por el cine regional.<\/p>\n","protected":false},"excerpt":{"rendered":"<p>La obra ganadora fue &#8220;Gallina&#8221;, dirigida por Ana Lascurain y &#8220;Operativo Tarot&#8221;, de Irina Lugo en la competencia universitaria. Por otra parte, sin apoyo del Estado, el festival volvi\u00f3 a&hellip; <\/p>\n","protected":false},"author":3,"featured_media":238878,"comment_status":"closed","ping_status":"open","sticky":false,"template":"","format":"standard","meta":{"footnotes":""},"categories":[26],"tags":[],"class_list":["post-238868","post","type-post","status-publish","format-standard","has-post-thumbnail","hentry","category-destacados"],"_links":{"self":[{"href":"https:\/\/corrientesdetarde.com\/index.php\/wp-json\/wp\/v2\/posts\/238868","targetHints":{"allow":["GET"]}}],"collection":[{"href":"https:\/\/corrientesdetarde.com\/index.php\/wp-json\/wp\/v2\/posts"}],"about":[{"href":"https:\/\/corrientesdetarde.com\/index.php\/wp-json\/wp\/v2\/types\/post"}],"author":[{"embeddable":true,"href":"https:\/\/corrientesdetarde.com\/index.php\/wp-json\/wp\/v2\/users\/3"}],"replies":[{"embeddable":true,"href":"https:\/\/corrientesdetarde.com\/index.php\/wp-json\/wp\/v2\/comments?post=238868"}],"version-history":[{"count":1,"href":"https:\/\/corrientesdetarde.com\/index.php\/wp-json\/wp\/v2\/posts\/238868\/revisions"}],"predecessor-version":[{"id":238879,"href":"https:\/\/corrientesdetarde.com\/index.php\/wp-json\/wp\/v2\/posts\/238868\/revisions\/238879"}],"wp:featuredmedia":[{"embeddable":true,"href":"https:\/\/corrientesdetarde.com\/index.php\/wp-json\/wp\/v2\/media\/238878"}],"wp:attachment":[{"href":"https:\/\/corrientesdetarde.com\/index.php\/wp-json\/wp\/v2\/media?parent=238868"}],"wp:term":[{"taxonomy":"category","embeddable":true,"href":"https:\/\/corrientesdetarde.com\/index.php\/wp-json\/wp\/v2\/categories?post=238868"},{"taxonomy":"post_tag","embeddable":true,"href":"https:\/\/corrientesdetarde.com\/index.php\/wp-json\/wp\/v2\/tags?post=238868"}],"curies":[{"name":"wp","href":"https:\/\/api.w.org\/{rel}","templated":true}]}}