{"id":238881,"date":"2025-12-08T09:00:24","date_gmt":"2025-12-08T12:00:24","guid":{"rendered":"https:\/\/corrientesdetarde.com\/?p=238881"},"modified":"2025-12-08T09:00:25","modified_gmt":"2025-12-08T12:00:25","slug":"lando-norris-se-consagro-campeon-de-la-formula-1-tras-ser-tercero-en-el-gp-de-abu-dhabi","status":"publish","type":"post","link":"https:\/\/corrientesdetarde.com\/index.php\/deportes\/lando-norris-se-consagro-campeon-de-la-formula-1-tras-ser-tercero-en-el-gp-de-abu-dhabi\/","title":{"rendered":"Lando Norris se consagr\u00f3 campe\u00f3n de la F\u00f3rmula 1 tras ser tercero en el GP de Abu Dhabi"},"content":{"rendered":"\n<p>Pese a que Max Verstappen gan\u00f3 la carrera, el brit\u00e1nico de McLaren se asegur\u00f3 el t\u00edtulo al subirse al podio. Alpine cerr\u00f3 el a\u00f1o con una actuaci\u00f3n decepcionante y sus dos corredores finalizaron en el fondo de la grilla<\/p>\n\n\n\n<p>En una hist\u00f3rica definici\u00f3n en el Gran Premio de Abu Dhabi, Lando Norris sali\u00f3 campe\u00f3n por primera vez en su vida del Campeonato de Pilotos de la F\u00f3rmula 1. El brit\u00e1nico de McLaren -que tambi\u00e9n se qued\u00f3 con la tabla de Constructores- realiz\u00f3 una correcta tarea, cruz\u00f3 la l\u00ednea de meta en el tercer puesto y se asegur\u00f3 el t\u00edtulo. Max Verstappen gan\u00f3 la carrera en Yas Marina, pero no le alcanz\u00f3 para repetir sus haza\u00f1as y cort\u00f3 con su racha de cuatro consagraciones al hilo. Oscar Piastri, el otro contendiente, termin\u00f3 segundo. Franco Colapinto finaliz\u00f3 \u00faltimo.<\/p>\n\n\n\n<p>La estrategia de Norris en Abu Dhabi se centr\u00f3 en no luchar con Verstappen y Piastri con el objetivo de asegurar el tercer puesto para subirse al podio, lo que le permit\u00eda ser campe\u00f3n. El piloto de 26 a\u00f1os ejecut\u00f3 el plan a la perfecci\u00f3n y no pas\u00f3 sobresaltos. El neerland\u00e9s de Red Bull gir\u00f3 con un ritmo solvente y se convirti\u00f3 en el corredor que m\u00e1s victorias sum\u00f3 en una temporada sin quedarse con el t\u00edtulo.<\/p>\n\n\n\n<p>Alpine cerr\u00f3 una temporada para el olvido con una carrera decepcionante. Tanto Pierre Gasly como Franco Colapinto lucharon para maximizar el rendimiento del monoplaza A525, pero terminaron en los \u00faltimos puestos de la grilla. El franc\u00e9s, que recibi\u00f3 una penalidad de cinco segundos, qued\u00f3 19\u00b0, mientras que el argentino cruz\u00f3 la bandera a cuadros 20\u00b0. La escuder\u00eda con sede en Enstone finaliz\u00f3 la temporada en el \u00faltimo puesto en la tabla de constructores.<\/p>\n","protected":false},"excerpt":{"rendered":"<p>Pese a que Max Verstappen gan\u00f3 la carrera, el brit\u00e1nico de McLaren se asegur\u00f3 el t\u00edtulo al subirse al podio. Alpine cerr\u00f3 el a\u00f1o con una actuaci\u00f3n decepcionante y sus&hellip; <\/p>\n","protected":false},"author":3,"featured_media":238889,"comment_status":"closed","ping_status":"open","sticky":false,"template":"","format":"standard","meta":{"footnotes":""},"categories":[4],"tags":[],"class_list":["post-238881","post","type-post","status-publish","format-standard","has-post-thumbnail","hentry","category-deportes"],"_links":{"self":[{"href":"https:\/\/corrientesdetarde.com\/index.php\/wp-json\/wp\/v2\/posts\/238881","targetHints":{"allow":["GET"]}}],"collection":[{"href":"https:\/\/corrientesdetarde.com\/index.php\/wp-json\/wp\/v2\/posts"}],"about":[{"href":"https:\/\/corrientesdetarde.com\/index.php\/wp-json\/wp\/v2\/types\/post"}],"author":[{"embeddable":true,"href":"https:\/\/corrientesdetarde.com\/index.php\/wp-json\/wp\/v2\/users\/3"}],"replies":[{"embeddable":true,"href":"https:\/\/corrientesdetarde.com\/index.php\/wp-json\/wp\/v2\/comments?post=238881"}],"version-history":[{"count":1,"href":"https:\/\/corrientesdetarde.com\/index.php\/wp-json\/wp\/v2\/posts\/238881\/revisions"}],"predecessor-version":[{"id":238898,"href":"https:\/\/corrientesdetarde.com\/index.php\/wp-json\/wp\/v2\/posts\/238881\/revisions\/238898"}],"wp:featuredmedia":[{"embeddable":true,"href":"https:\/\/corrientesdetarde.com\/index.php\/wp-json\/wp\/v2\/media\/238889"}],"wp:attachment":[{"href":"https:\/\/corrientesdetarde.com\/index.php\/wp-json\/wp\/v2\/media?parent=238881"}],"wp:term":[{"taxonomy":"category","embeddable":true,"href":"https:\/\/corrientesdetarde.com\/index.php\/wp-json\/wp\/v2\/categories?post=238881"},{"taxonomy":"post_tag","embeddable":true,"href":"https:\/\/corrientesdetarde.com\/index.php\/wp-json\/wp\/v2\/tags?post=238881"}],"curies":[{"name":"wp","href":"https:\/\/api.w.org\/{rel}","templated":true}]}}