{"id":238884,"date":"2025-12-08T09:00:20","date_gmt":"2025-12-08T12:00:20","guid":{"rendered":"https:\/\/corrientesdetarde.com\/?p=238884"},"modified":"2025-12-08T09:00:21","modified_gmt":"2025-12-08T12:00:21","slug":"itati-celebro-410-anos-desde-su-fundacion","status":"publish","type":"post","link":"https:\/\/corrientesdetarde.com\/index.php\/destacados\/itati-celebro-410-anos-desde-su-fundacion\/","title":{"rendered":"Itat\u00ed celebr\u00f3 410 a\u00f1os desde su fundaci\u00f3n"},"content":{"rendered":"\n<p>La fecha tuvo instancias protocolares y un oficio religioso. El desarrollo avanz\u00f3 con actos centrales a primera hora del d\u00eda.<\/p>\n\n\n\n<p>Itat\u00ed cumpli\u00f3 410 a\u00f1os este domingo 7 y las acciones oficiales iniciaron desde temprano frente al Palacio Municipal.&nbsp; A las 7.45 se realiz\u00f3 el izamiento del Pabell\u00f3n Nacional con autoridades locales y un clima de respeto.<\/p>\n\n\n\n<p>A las 8 se ofici\u00f3 la Misa Solemne en la Bas\u00edlica Nuestra Se\u00f1ora de Itat\u00ed, con presencia de vecinos.&nbsp;M\u00e1s tarde tuvo lugar la ofrenda floral en la plaza Fray Luis de Bola\u00f1os en memoria del fundador, con un gesto que evoc\u00f3 las ra\u00edces hist\u00f3ricas del lugar.<\/p>\n","protected":false},"excerpt":{"rendered":"<p>La fecha tuvo instancias protocolares y un oficio religioso. El desarrollo avanz\u00f3 con actos centrales a primera hora del d\u00eda. Itat\u00ed cumpli\u00f3 410 a\u00f1os este domingo 7 y las acciones&hellip; <\/p>\n","protected":false},"author":3,"featured_media":238887,"comment_status":"closed","ping_status":"open","sticky":false,"template":"","format":"standard","meta":{"footnotes":""},"categories":[26],"tags":[],"class_list":["post-238884","post","type-post","status-publish","format-standard","has-post-thumbnail","hentry","category-destacados"],"_links":{"self":[{"href":"https:\/\/corrientesdetarde.com\/index.php\/wp-json\/wp\/v2\/posts\/238884","targetHints":{"allow":["GET"]}}],"collection":[{"href":"https:\/\/corrientesdetarde.com\/index.php\/wp-json\/wp\/v2\/posts"}],"about":[{"href":"https:\/\/corrientesdetarde.com\/index.php\/wp-json\/wp\/v2\/types\/post"}],"author":[{"embeddable":true,"href":"https:\/\/corrientesdetarde.com\/index.php\/wp-json\/wp\/v2\/users\/3"}],"replies":[{"embeddable":true,"href":"https:\/\/corrientesdetarde.com\/index.php\/wp-json\/wp\/v2\/comments?post=238884"}],"version-history":[{"count":1,"href":"https:\/\/corrientesdetarde.com\/index.php\/wp-json\/wp\/v2\/posts\/238884\/revisions"}],"predecessor-version":[{"id":238896,"href":"https:\/\/corrientesdetarde.com\/index.php\/wp-json\/wp\/v2\/posts\/238884\/revisions\/238896"}],"wp:featuredmedia":[{"embeddable":true,"href":"https:\/\/corrientesdetarde.com\/index.php\/wp-json\/wp\/v2\/media\/238887"}],"wp:attachment":[{"href":"https:\/\/corrientesdetarde.com\/index.php\/wp-json\/wp\/v2\/media?parent=238884"}],"wp:term":[{"taxonomy":"category","embeddable":true,"href":"https:\/\/corrientesdetarde.com\/index.php\/wp-json\/wp\/v2\/categories?post=238884"},{"taxonomy":"post_tag","embeddable":true,"href":"https:\/\/corrientesdetarde.com\/index.php\/wp-json\/wp\/v2\/tags?post=238884"}],"curies":[{"name":"wp","href":"https:\/\/api.w.org\/{rel}","templated":true}]}}