{"id":238890,"date":"2025-12-08T10:01:03","date_gmt":"2025-12-08T13:01:03","guid":{"rendered":"https:\/\/corrientesdetarde.com\/?p=238890"},"modified":"2025-12-08T10:01:09","modified_gmt":"2025-12-08T13:01:09","slug":"francia-cayo-una-avioneta-y-hay-cuatro-muertos-en-los-pirineos-franceses","status":"publish","type":"post","link":"https:\/\/corrientesdetarde.com\/index.php\/internacionales\/francia-cayo-una-avioneta-y-hay-cuatro-muertos-en-los-pirineos-franceses\/","title":{"rendered":"Francia: cay\u00f3 una avioneta y hay cuatro muertos en los Pirineos franceses"},"content":{"rendered":"\n<p>Un accidente de avioneta en los Pirineos de Francia dej\u00f3 un saldo de cuatro muertos. Se investigan las causas de la ca\u00edda del aparato.<\/p>\n\n\n\n<p>Conmoci\u00f3n en Francia: los cuatro tripulantes de una avioneta tur\u00edstica que sobrevolaba el departamento de Ari\u00e8ge, en los Pirineos franceses, han sido hallados muertos por las autoridades francesas, despu\u00e9s de que se denunciara la desaparici\u00f3n de la aeronave y se investigan las razones.<\/p>\n\n\n\n<p>La avioneta, perteneciente a un club de vuelo del meridional departamento franc\u00e9s, fue hallada cerca de Saint-Girons, en los Pirineos, a pocos kil\u00f3metros de la frontera espa\u00f1ola, seg\u00fan ha recogido el diario &#8220;Le Parisien&#8221;.<\/p>\n\n\n\n<p>Este medio ha informado de que han sido los propios empleados del aeroclub quienes han alertado al Centro de Coordinaci\u00f3n de Rescate A\u00e9reo (CRSA) al no tener noticias de la avioneta m\u00e1s all\u00e1 de su hora de regreso prevista.<br>&nbsp;<br><strong>Francia inicia investigaci\u00f3n<\/strong><\/p>\n\n\n\n<p>En una situaci\u00f3n marcada por unas condiciones de vuelo bastante favorables en la zona, las autoridades han dado parte a la Fiscal\u00eda, que ya ha iniciado la investigaci\u00f3n, para determinar las causas del accidente de la avioneta.&nbsp;<\/p>\n","protected":false},"excerpt":{"rendered":"<p>Un accidente de avioneta en los Pirineos de Francia dej\u00f3 un saldo de cuatro muertos. Se investigan las causas de la ca\u00edda del aparato. Conmoci\u00f3n en Francia: los cuatro tripulantes&hellip; <\/p>\n","protected":false},"author":3,"featured_media":238901,"comment_status":"closed","ping_status":"open","sticky":false,"template":"","format":"standard","meta":{"footnotes":""},"categories":[11],"tags":[],"class_list":["post-238890","post","type-post","status-publish","format-standard","has-post-thumbnail","hentry","category-internacionales"],"_links":{"self":[{"href":"https:\/\/corrientesdetarde.com\/index.php\/wp-json\/wp\/v2\/posts\/238890","targetHints":{"allow":["GET"]}}],"collection":[{"href":"https:\/\/corrientesdetarde.com\/index.php\/wp-json\/wp\/v2\/posts"}],"about":[{"href":"https:\/\/corrientesdetarde.com\/index.php\/wp-json\/wp\/v2\/types\/post"}],"author":[{"embeddable":true,"href":"https:\/\/corrientesdetarde.com\/index.php\/wp-json\/wp\/v2\/users\/3"}],"replies":[{"embeddable":true,"href":"https:\/\/corrientesdetarde.com\/index.php\/wp-json\/wp\/v2\/comments?post=238890"}],"version-history":[{"count":1,"href":"https:\/\/corrientesdetarde.com\/index.php\/wp-json\/wp\/v2\/posts\/238890\/revisions"}],"predecessor-version":[{"id":238915,"href":"https:\/\/corrientesdetarde.com\/index.php\/wp-json\/wp\/v2\/posts\/238890\/revisions\/238915"}],"wp:featuredmedia":[{"embeddable":true,"href":"https:\/\/corrientesdetarde.com\/index.php\/wp-json\/wp\/v2\/media\/238901"}],"wp:attachment":[{"href":"https:\/\/corrientesdetarde.com\/index.php\/wp-json\/wp\/v2\/media?parent=238890"}],"wp:term":[{"taxonomy":"category","embeddable":true,"href":"https:\/\/corrientesdetarde.com\/index.php\/wp-json\/wp\/v2\/categories?post=238890"},{"taxonomy":"post_tag","embeddable":true,"href":"https:\/\/corrientesdetarde.com\/index.php\/wp-json\/wp\/v2\/tags?post=238890"}],"curies":[{"name":"wp","href":"https:\/\/api.w.org\/{rel}","templated":true}]}}