{"id":238906,"date":"2025-12-08T11:02:45","date_gmt":"2025-12-08T14:02:45","guid":{"rendered":"https:\/\/corrientesdetarde.com\/?p=238906"},"modified":"2025-12-08T11:03:00","modified_gmt":"2025-12-08T14:03:00","slug":"choque-en-la-ruta-118-dejo-un-hombre-en-estado-critico","status":"publish","type":"post","link":"https:\/\/corrientesdetarde.com\/index.php\/policiales\/choque-en-la-ruta-118-dejo-un-hombre-en-estado-critico\/","title":{"rendered":"Choque en la Ruta 118 dej\u00f3 un hombre en estado cr\u00edtico"},"content":{"rendered":"\n<p>La colisi\u00f3n involucr\u00f3 a un colectivo y a un jinete en plena madrugada. La v\u00edctima qued\u00f3 bajo atenci\u00f3n m\u00e9dica especializada.<\/p>\n\n\n\n<p>El hecho ocurri\u00f3 en el kil\u00f3metro 164 de la Ruta Nacional 118, en jurisdicci\u00f3n de Loreto, durante la madrugada del domingo 7. Un colectivo de larga distancia impact\u00f3 contra un jinete y el golpe result\u00f3 fatal para el caballo.<\/p>\n\n\n\n<p>El hombre, de 52 a\u00f1os, recibi\u00f3 asistencia en el lugar y fue trasladado al hospital loretano, donde se confirm\u00f3 la gravedad de las lesiones. Luego pas\u00f3 al Hospital Escuela de la ciudad de Corrientes para una atenci\u00f3n m\u00e1s compleja.<\/p>\n\n\n\n<p>La Unidad Fiscal en turno tom\u00f3 intervenci\u00f3n inmediata y dispuso pericias en la zona para reconstruir cada detalle del choque.<\/p>\n","protected":false},"excerpt":{"rendered":"<p>La colisi\u00f3n involucr\u00f3 a un colectivo y a un jinete en plena madrugada. La v\u00edctima qued\u00f3 bajo atenci\u00f3n m\u00e9dica especializada. El hecho ocurri\u00f3 en el kil\u00f3metro 164 de la Ruta&hellip; <\/p>\n","protected":false},"author":3,"featured_media":238911,"comment_status":"closed","ping_status":"open","sticky":false,"template":"","format":"standard","meta":{"footnotes":""},"categories":[33],"tags":[],"class_list":["post-238906","post","type-post","status-publish","format-standard","has-post-thumbnail","hentry","category-policiales"],"_links":{"self":[{"href":"https:\/\/corrientesdetarde.com\/index.php\/wp-json\/wp\/v2\/posts\/238906","targetHints":{"allow":["GET"]}}],"collection":[{"href":"https:\/\/corrientesdetarde.com\/index.php\/wp-json\/wp\/v2\/posts"}],"about":[{"href":"https:\/\/corrientesdetarde.com\/index.php\/wp-json\/wp\/v2\/types\/post"}],"author":[{"embeddable":true,"href":"https:\/\/corrientesdetarde.com\/index.php\/wp-json\/wp\/v2\/users\/3"}],"replies":[{"embeddable":true,"href":"https:\/\/corrientesdetarde.com\/index.php\/wp-json\/wp\/v2\/comments?post=238906"}],"version-history":[{"count":1,"href":"https:\/\/corrientesdetarde.com\/index.php\/wp-json\/wp\/v2\/posts\/238906\/revisions"}],"predecessor-version":[{"id":238926,"href":"https:\/\/corrientesdetarde.com\/index.php\/wp-json\/wp\/v2\/posts\/238906\/revisions\/238926"}],"wp:featuredmedia":[{"embeddable":true,"href":"https:\/\/corrientesdetarde.com\/index.php\/wp-json\/wp\/v2\/media\/238911"}],"wp:attachment":[{"href":"https:\/\/corrientesdetarde.com\/index.php\/wp-json\/wp\/v2\/media?parent=238906"}],"wp:term":[{"taxonomy":"category","embeddable":true,"href":"https:\/\/corrientesdetarde.com\/index.php\/wp-json\/wp\/v2\/categories?post=238906"},{"taxonomy":"post_tag","embeddable":true,"href":"https:\/\/corrientesdetarde.com\/index.php\/wp-json\/wp\/v2\/tags?post=238906"}],"curies":[{"name":"wp","href":"https:\/\/api.w.org\/{rel}","templated":true}]}}