{"id":239109,"date":"2025-12-09T14:44:11","date_gmt":"2025-12-09T17:44:11","guid":{"rendered":"https:\/\/corrientesdetarde.com\/?p=239109"},"modified":"2025-12-09T14:44:16","modified_gmt":"2025-12-09T17:44:16","slug":"cuentos-para-adultos","status":"publish","type":"post","link":"https:\/\/corrientesdetarde.com\/index.php\/cultura\/cuentos-para-adultos\/","title":{"rendered":"Cuentos para adultos"},"content":{"rendered":"\n<p>El pr\u00f3ximo s\u00e1bado 13 de diciembre en el sal\u00f3n Jose Negro del Museo de Bellas Artes Dr. Juan Ramon Vidal abre sus puertas a los cuentacuentos de Corrientes con la direcci\u00f3n art\u00edstica de Mar\u00eda Silvia Pozo, ellos son: Belen Barboza, Eduardo Tojas, Elina Allende, Liliana G\u00f3mez, Migmo y Sonia Baez Aranda.<br>Los narradores orales o cuentacuentos se vienen preparando para contar historias de navidad para adultos, los cuentos son de autor que ellos adaptan a la oralidad , respetando la t\u00e9cnica de la narraci\u00f3n oral y poni\u00e9ndole mucho coraz\u00f3n.<br>La directora art\u00edstica Mar\u00eda Silvia Pozo, nos comparte la alegr\u00eda por compartir una vez mas el arte de contar historias , y como si fuera poco en un lugar tan ic\u00f3nico en el arte correntino como es el museo de Bellas Artes y agradece a su Director Pablo Guiglioni que brind\u00f3 todo lo posible para la preparaci\u00f3n de esta presentaci\u00f3n.<\/p>\n\n\n\n<p>S\u00e1bado 13\/12 \u23f0\ufe0f 19:30 hs.<br>Cuentos para adultos.<br>Te esperamos \u263a\ufe0f<\/p>\n\n\n\n<figure class=\"wp-block-video\"><video height=\"848\" style=\"aspect-ratio: 636 \/ 848;\" width=\"636\" controls src=\"https:\/\/corrientesdetarde.com\/wp-content\/uploads\/2025\/12\/WhatsApp-Video-2025-12-09-at-14.32.14.mp4\"><\/video><\/figure>\n","protected":false},"excerpt":{"rendered":"<p>El pr\u00f3ximo s\u00e1bado 13 de diciembre en el sal\u00f3n Jose Negro del Museo de Bellas Artes Dr. Juan Ramon Vidal abre sus puertas a los cuentacuentos de Corrientes con la&hellip; <\/p>\n","protected":false},"author":8,"featured_media":239111,"comment_status":"closed","ping_status":"open","sticky":false,"template":"","format":"standard","meta":{"footnotes":""},"categories":[15],"tags":[],"class_list":["post-239109","post","type-post","status-publish","format-standard","has-post-thumbnail","hentry","category-cultura"],"_links":{"self":[{"href":"https:\/\/corrientesdetarde.com\/index.php\/wp-json\/wp\/v2\/posts\/239109","targetHints":{"allow":["GET"]}}],"collection":[{"href":"https:\/\/corrientesdetarde.com\/index.php\/wp-json\/wp\/v2\/posts"}],"about":[{"href":"https:\/\/corrientesdetarde.com\/index.php\/wp-json\/wp\/v2\/types\/post"}],"author":[{"embeddable":true,"href":"https:\/\/corrientesdetarde.com\/index.php\/wp-json\/wp\/v2\/users\/8"}],"replies":[{"embeddable":true,"href":"https:\/\/corrientesdetarde.com\/index.php\/wp-json\/wp\/v2\/comments?post=239109"}],"version-history":[{"count":1,"href":"https:\/\/corrientesdetarde.com\/index.php\/wp-json\/wp\/v2\/posts\/239109\/revisions"}],"predecessor-version":[{"id":239112,"href":"https:\/\/corrientesdetarde.com\/index.php\/wp-json\/wp\/v2\/posts\/239109\/revisions\/239112"}],"wp:featuredmedia":[{"embeddable":true,"href":"https:\/\/corrientesdetarde.com\/index.php\/wp-json\/wp\/v2\/media\/239111"}],"wp:attachment":[{"href":"https:\/\/corrientesdetarde.com\/index.php\/wp-json\/wp\/v2\/media?parent=239109"}],"wp:term":[{"taxonomy":"category","embeddable":true,"href":"https:\/\/corrientesdetarde.com\/index.php\/wp-json\/wp\/v2\/categories?post=239109"},{"taxonomy":"post_tag","embeddable":true,"href":"https:\/\/corrientesdetarde.com\/index.php\/wp-json\/wp\/v2\/tags?post=239109"}],"curies":[{"name":"wp","href":"https:\/\/api.w.org\/{rel}","templated":true}]}}