{"id":239130,"date":"2025-12-09T15:19:06","date_gmt":"2025-12-09T18:19:06","guid":{"rendered":"https:\/\/corrientesdetarde.com\/?p=239130"},"modified":"2025-12-09T15:19:14","modified_gmt":"2025-12-09T18:19:14","slug":"el-teatro-juan-de-vera-abre-convocatoria-de-programacion-2026","status":"publish","type":"post","link":"https:\/\/corrientesdetarde.com\/index.php\/cultura\/el-teatro-juan-de-vera-abre-convocatoria-de-programacion-2026\/","title":{"rendered":"El Teatro &#8220;Juan de Vera&#8221; abre convocatoria de programaci\u00f3n 2026"},"content":{"rendered":"\n<p><em>Tendr\u00e1 como fecha de cierre el viernes 20 de febrero y est\u00e1 dirigida a compa\u00f1\u00edas de teatro, danza, m\u00fasica, audiovisual y espect\u00e1culo locales, regionales y nacionales, con el objetivo de evaluar las propuestas de cara a la programaci\u00f3n de la temporada 2026.<\/em><\/p>\n\n\n\n<p>El Teatro Oficial &#8220;Juan de Vera&#8221;, dependiente del Instituto de Cultura de Corrientes, comunica que se encuentra abierta la convocatoria de programaci\u00f3n 2026 dirigida a compa\u00f1ias de teatro, danza, m\u00fasica y productores y productoras de espect\u00e1culos locales, regionales y nacionales, interesadas en integrar la grilla del coliseo correntino el a\u00f1o pr\u00f3ximo, con inicio previsto para el mes de marzo.<\/p>\n\n\n\n<p>La convocatoria tiene como objetivo recepcionar propuestas art\u00edsticas orientadas a la danza, el teatro y espect\u00e1culos a fines de detectar la demanda de cada sector, para el dise\u00f1o de la programaci\u00f3n que formar\u00e1 parte de la temporada 2026 del Teatro Vera. El dise\u00f1o y curadur\u00eda de la programaci\u00f3n apunta a la creaci\u00f3n de ciclos, festivales, galas, actos, audiciones y masterclasses y otros formatos ordenadores de la producci\u00f3n cultural local, regional y nacional.<\/p>\n\n\n\n<p>Las personas, grupos, compa\u00f1\u00edas o estudios, academias y productoras culturales interesadas deber\u00e1n enviar la propuesta art\u00edstica y CV a&nbsp;<a href=\"mailto:agenda.artistica@teatrovera.com\" target=\"_blank\" rel=\"noreferrer noopener\">agenda.artistica@teatrovera.com<\/a>&nbsp;con copia a&nbsp;<a href=\"mailto:agendateatrovera@gmail.com\" target=\"_blank\" rel=\"noreferrer noopener\">agendateatrovera@gmail.com<\/a>. Las mismas ser\u00e1n recibidas hasta el viernes 20 de febrero de 2026.<\/p>\n","protected":false},"excerpt":{"rendered":"<p>Tendr\u00e1 como fecha de cierre el viernes 20 de febrero y est\u00e1 dirigida a compa\u00f1\u00edas de teatro, danza, m\u00fasica, audiovisual y espect\u00e1culo locales, regionales y nacionales, con el objetivo de&hellip; <\/p>\n","protected":false},"author":8,"featured_media":239131,"comment_status":"closed","ping_status":"open","sticky":false,"template":"","format":"standard","meta":{"footnotes":""},"categories":[15],"tags":[],"class_list":["post-239130","post","type-post","status-publish","format-standard","has-post-thumbnail","hentry","category-cultura"],"_links":{"self":[{"href":"https:\/\/corrientesdetarde.com\/index.php\/wp-json\/wp\/v2\/posts\/239130","targetHints":{"allow":["GET"]}}],"collection":[{"href":"https:\/\/corrientesdetarde.com\/index.php\/wp-json\/wp\/v2\/posts"}],"about":[{"href":"https:\/\/corrientesdetarde.com\/index.php\/wp-json\/wp\/v2\/types\/post"}],"author":[{"embeddable":true,"href":"https:\/\/corrientesdetarde.com\/index.php\/wp-json\/wp\/v2\/users\/8"}],"replies":[{"embeddable":true,"href":"https:\/\/corrientesdetarde.com\/index.php\/wp-json\/wp\/v2\/comments?post=239130"}],"version-history":[{"count":1,"href":"https:\/\/corrientesdetarde.com\/index.php\/wp-json\/wp\/v2\/posts\/239130\/revisions"}],"predecessor-version":[{"id":239132,"href":"https:\/\/corrientesdetarde.com\/index.php\/wp-json\/wp\/v2\/posts\/239130\/revisions\/239132"}],"wp:featuredmedia":[{"embeddable":true,"href":"https:\/\/corrientesdetarde.com\/index.php\/wp-json\/wp\/v2\/media\/239131"}],"wp:attachment":[{"href":"https:\/\/corrientesdetarde.com\/index.php\/wp-json\/wp\/v2\/media?parent=239130"}],"wp:term":[{"taxonomy":"category","embeddable":true,"href":"https:\/\/corrientesdetarde.com\/index.php\/wp-json\/wp\/v2\/categories?post=239130"},{"taxonomy":"post_tag","embeddable":true,"href":"https:\/\/corrientesdetarde.com\/index.php\/wp-json\/wp\/v2\/tags?post=239130"}],"curies":[{"name":"wp","href":"https:\/\/api.w.org\/{rel}","templated":true}]}}