{"id":239133,"date":"2025-12-09T15:23:13","date_gmt":"2025-12-09T18:23:13","guid":{"rendered":"https:\/\/corrientesdetarde.com\/?p=239133"},"modified":"2025-12-09T15:23:19","modified_gmt":"2025-12-09T18:23:19","slug":"adorni-presento-el-informe-del-consejo-de-mayo-cuales-son-las-reformas-que-el-gobierno-enviara-al-congreso","status":"publish","type":"post","link":"https:\/\/corrientesdetarde.com\/index.php\/politica\/adorni-presento-el-informe-del-consejo-de-mayo-cuales-son-las-reformas-que-el-gobierno-enviara-al-congreso\/","title":{"rendered":"Adorni present\u00f3 el informe del Consejo de Mayo: cu\u00e1les son las reformas que el Gobierno enviar\u00e1 al Congreso"},"content":{"rendered":"\n<p>Es el resultado de una mesa compuesta por representantes del Gobierno, CGT y empresarios y el Congreso. El documento incluye cambios en materia laboral, educativa, fiscal, tributaria y de propiedad privada.<\/p>\n\n\n\n<p>El\u00a0<strong>Gobierno<\/strong>\u00a0dio a conocer los detalles de uno de los\u00a0<strong>paquetes legislativos<\/strong>\u00a0m\u00e1s relevantes de los pr\u00f3ximos meses: las reformas surgidas del\u00a0<strong>Consejo de Mayo<\/strong>, el espacio de negociaci\u00f3n convocado por el Ejecutivo para avanzar en los puntos del Pacto de Mayo.<\/p>\n\n\n\n<p>En una conferencia realizada este martes en la Casa Rosada, el jefe de Gabinete,&nbsp;<strong>Manuel Adorni<\/strong>, anunci\u00f3 p\u00fablicamente la finalizaci\u00f3n del informe t\u00e9cnico que elabor\u00f3 el Consejo.<\/p>\n\n\n\n<p>El funcionario detall\u00f3 que el Consejo trabaj\u00f3 sobre&nbsp;<strong>ocho de los diez<\/strong>&nbsp;puntos originalmente propuestos.&nbsp;<strong>Los dos que quedaron fuera fueron la reforma previsional y la discusi\u00f3n sobre coparticipaci\u00f3n<\/strong>: la primera, porque \u2015seg\u00fan se\u00f1al\u00f3\u2015 no puede avanzarse sin antes actualizar el sistema laboral; la segunda, porque para debatirla era necesaria la&nbsp;<strong>presencia plena de los gobernadores<\/strong>, algo que no se logr\u00f3 por cuestiones operativas.<\/p>\n\n\n\n<figure class=\"wp-block-image\"><img decoding=\"async\" src=\"https:\/\/tn.com.ar\/resizer\/v2\/encabezado-por-manuel-adorni-se-reunio-el-consejo-de-mayo-por-ultima-vez-en-el-ano-foto-prensa-casa-rosada-VZVUQ72ZY5EKZI27C6WTY3U56I.jpg?auth=c3f6d01eed385bd5b8d36a9cb8bf8be6a549a422c7192054975a2a0464248e55&amp;width=767\" alt=\"Encabezado por Manuel Adorni, se reuni\u00f3 el Consejo de Mayo, por \u00faltima vez en el a\u00f1o. (Foto: Prensa Casa Rosada)\"\/><\/figure>\n\n\n\n<p>Asimismo, subray\u00f3 que el texto sintetiza el trabajo de todas las mesas t\u00e9cnicas que operaron desde mitad de a\u00f1o: \u201cEstamos presentando un informe final con los puntos tratados, un ap\u00e9ndice con los proyectos de ley y otro con los documentos de los consejeros.&nbsp;<strong>El Poder Ejecutivo enviar\u00e1 este informe al Congreso<\/strong>\u201d.<\/p>\n\n\n\n<p>Entre las iniciativas que llegar\u00e1n al Parlamento se destacan la&nbsp;<strong>modernizaci\u00f3n del r\u00e9gimen laboral<\/strong>, la&nbsp;<strong>reforma impositiva<\/strong>&nbsp;y otros cambios que el Gobierno califica como parte de una agenda de \u201ctercera generaci\u00f3n\u201d.<\/p>\n\n\n\n<p>Adorni explic\u00f3 que todos los materiales elaborados por el Consejo, incluidos los aportes que no fueron incorporados al borrador definitivo,&nbsp;<strong>estar\u00e1n disponibles en el sitio oficial del Estado<\/strong>&nbsp;para garantizar transparencia y acceso p\u00fablico.<\/p>\n\n\n\n<p>El cierre del Consejo de Mayo reuni\u00f3 a cinco de sus seis integrantes en la mesa del Sal\u00f3n de los Escudos, en el Ministerio del Interior. Participaron el ministro de Desregulaci\u00f3n&nbsp;<strong>Federico Sturzenegger<\/strong>, uno de los impulsores del paquete laboral; el gobernador mendocino&nbsp;<strong>Alfredo Cornejo<\/strong>, en representaci\u00f3n de las provincias; la senadora&nbsp;<strong>Carolina Losada<\/strong>&nbsp;por la C\u00e1mara Alta; el diputado&nbsp;<strong>Cristian Ritondo<\/strong>&nbsp;por Diputados; y el titular de la UIA,&nbsp;<strong>Mart\u00edn Rappallini<\/strong>, como referente del sector empresario.<\/p>\n","protected":false},"excerpt":{"rendered":"<p>Es el resultado de una mesa compuesta por representantes del Gobierno, CGT y empresarios y el Congreso. El documento incluye cambios en materia laboral, educativa, fiscal, tributaria y de propiedad&hellip; <\/p>\n","protected":false},"author":8,"featured_media":239134,"comment_status":"closed","ping_status":"open","sticky":false,"template":"","format":"standard","meta":{"footnotes":""},"categories":[3],"tags":[],"class_list":["post-239133","post","type-post","status-publish","format-standard","has-post-thumbnail","hentry","category-politica"],"_links":{"self":[{"href":"https:\/\/corrientesdetarde.com\/index.php\/wp-json\/wp\/v2\/posts\/239133","targetHints":{"allow":["GET"]}}],"collection":[{"href":"https:\/\/corrientesdetarde.com\/index.php\/wp-json\/wp\/v2\/posts"}],"about":[{"href":"https:\/\/corrientesdetarde.com\/index.php\/wp-json\/wp\/v2\/types\/post"}],"author":[{"embeddable":true,"href":"https:\/\/corrientesdetarde.com\/index.php\/wp-json\/wp\/v2\/users\/8"}],"replies":[{"embeddable":true,"href":"https:\/\/corrientesdetarde.com\/index.php\/wp-json\/wp\/v2\/comments?post=239133"}],"version-history":[{"count":1,"href":"https:\/\/corrientesdetarde.com\/index.php\/wp-json\/wp\/v2\/posts\/239133\/revisions"}],"predecessor-version":[{"id":239135,"href":"https:\/\/corrientesdetarde.com\/index.php\/wp-json\/wp\/v2\/posts\/239133\/revisions\/239135"}],"wp:featuredmedia":[{"embeddable":true,"href":"https:\/\/corrientesdetarde.com\/index.php\/wp-json\/wp\/v2\/media\/239134"}],"wp:attachment":[{"href":"https:\/\/corrientesdetarde.com\/index.php\/wp-json\/wp\/v2\/media?parent=239133"}],"wp:term":[{"taxonomy":"category","embeddable":true,"href":"https:\/\/corrientesdetarde.com\/index.php\/wp-json\/wp\/v2\/categories?post=239133"},{"taxonomy":"post_tag","embeddable":true,"href":"https:\/\/corrientesdetarde.com\/index.php\/wp-json\/wp\/v2\/tags?post=239133"}],"curies":[{"name":"wp","href":"https:\/\/api.w.org\/{rel}","templated":true}]}}