{"id":239283,"date":"2025-12-11T00:46:30","date_gmt":"2025-12-11T03:46:30","guid":{"rendered":"https:\/\/corrientesdetarde.com\/?p=239283"},"modified":"2025-12-11T00:46:39","modified_gmt":"2025-12-11T03:46:39","slug":"el-gobernador-juan-pablo-valdes-tomara-juramento-a-los-ministros-del-gabinete-provincial","status":"publish","type":"post","link":"https:\/\/corrientesdetarde.com\/index.php\/destacados\/el-gobernador-juan-pablo-valdes-tomara-juramento-a-los-ministros-del-gabinete-provincial\/","title":{"rendered":"El gobernador Juan Pablo Vald\u00e9s tomar\u00e1 juramento a los ministros del Gabinete provincial"},"content":{"rendered":"\n<p>El gobernador Juan Pablo Vald\u00e9s tomar\u00e1 juramento este jueves a los ministros que integrar\u00e1n el nuevo Gabinete provincial. El acto tendr\u00e1 lugar en el Sal\u00f3n Amarillo de Casa de Gobierno a las 11 horas.<\/p>\n","protected":false},"excerpt":{"rendered":"<p>El gobernador Juan Pablo Vald\u00e9s tomar\u00e1 juramento este jueves a los ministros que integrar\u00e1n el nuevo Gabinete provincial. El acto tendr\u00e1 lugar en el Sal\u00f3n Amarillo de Casa de Gobierno&hellip; <\/p>\n","protected":false},"author":4,"featured_media":239284,"comment_status":"closed","ping_status":"open","sticky":false,"template":"","format":"standard","meta":{"footnotes":""},"categories":[26],"tags":[],"class_list":["post-239283","post","type-post","status-publish","format-standard","has-post-thumbnail","hentry","category-destacados"],"_links":{"self":[{"href":"https:\/\/corrientesdetarde.com\/index.php\/wp-json\/wp\/v2\/posts\/239283","targetHints":{"allow":["GET"]}}],"collection":[{"href":"https:\/\/corrientesdetarde.com\/index.php\/wp-json\/wp\/v2\/posts"}],"about":[{"href":"https:\/\/corrientesdetarde.com\/index.php\/wp-json\/wp\/v2\/types\/post"}],"author":[{"embeddable":true,"href":"https:\/\/corrientesdetarde.com\/index.php\/wp-json\/wp\/v2\/users\/4"}],"replies":[{"embeddable":true,"href":"https:\/\/corrientesdetarde.com\/index.php\/wp-json\/wp\/v2\/comments?post=239283"}],"version-history":[{"count":1,"href":"https:\/\/corrientesdetarde.com\/index.php\/wp-json\/wp\/v2\/posts\/239283\/revisions"}],"predecessor-version":[{"id":239285,"href":"https:\/\/corrientesdetarde.com\/index.php\/wp-json\/wp\/v2\/posts\/239283\/revisions\/239285"}],"wp:featuredmedia":[{"embeddable":true,"href":"https:\/\/corrientesdetarde.com\/index.php\/wp-json\/wp\/v2\/media\/239284"}],"wp:attachment":[{"href":"https:\/\/corrientesdetarde.com\/index.php\/wp-json\/wp\/v2\/media?parent=239283"}],"wp:term":[{"taxonomy":"category","embeddable":true,"href":"https:\/\/corrientesdetarde.com\/index.php\/wp-json\/wp\/v2\/categories?post=239283"},{"taxonomy":"post_tag","embeddable":true,"href":"https:\/\/corrientesdetarde.com\/index.php\/wp-json\/wp\/v2\/tags?post=239283"}],"curies":[{"name":"wp","href":"https:\/\/api.w.org\/{rel}","templated":true}]}}