{"id":239322,"date":"2025-12-11T10:23:58","date_gmt":"2025-12-11T13:23:58","guid":{"rendered":"https:\/\/corrientesdetarde.com\/?p=239322"},"modified":"2025-12-11T10:24:29","modified_gmt":"2025-12-11T13:24:29","slug":"se-confirmaron-los-amistosos-que-messi-jugara-con-inter-miami-en-sudamerica-a-meses-del-mundial","status":"publish","type":"post","link":"https:\/\/corrientesdetarde.com\/index.php\/deportes\/se-confirmaron-los-amistosos-que-messi-jugara-con-inter-miami-en-sudamerica-a-meses-del-mundial\/","title":{"rendered":"Se confirmaron los amistosos que Messi jugar\u00e1 con Inter Miami en Sudam\u00e9rica a meses del Mundial"},"content":{"rendered":"\n<p>El equipo estadounidense realizar\u00e1 una gira a partir de enero y evitar\u00e1 que los jugadores pierdan ritmo en el a\u00f1o de la Copa del Mundo hasta que comience la temporada de la MLS.<\/p>\n\n\n\n<p><strong>Lionel Messi<\/strong>&nbsp;termin\u00f3 los compromisos de la temporada tras consagrarse campe\u00f3n de la&nbsp;<strong>MLS&nbsp;<\/strong>y buscar\u00e1 mantenerse activo en v\u00edsperas del&nbsp;<strong>Mundial 2026<\/strong>. Durante la pretemporada,&nbsp;<strong>Inter Miami<\/strong>&nbsp;jugar\u00e1 una serie de amistosos con equipos de Sudam\u00e9rica.<\/p>\n\n\n\n<figure class=\"wp-block-image\"><img decoding=\"async\" src=\"https:\/\/tn.com.ar\/resizer\/v2\/lionel-messi-termino-los-compromisos-de-la-temporada-tras-consagrarse-campeon-de-la-mls-foto-reuters-2HGCTYBONQEYHE3GOXK5BSOGY4.jpg?auth=411b1dcedbfd4477b50c280cff7390a98d2fdc70262585953d871dc5a8590213&amp;width=767\" alt=\"Lionel Messi termin\u00f3 los compromisos de la temporada tras consagrarse campe\u00f3n de la MLS (foto: Reuters)\"\/><\/figure>\n\n\n\n<p>El primero tendr\u00e1 lugar el 31 de enero en el&nbsp;<strong>Atanasio Girardot de Medell\u00edn&nbsp;<\/strong>ante&nbsp;<strong>Atl\u00e9tico Nacional.&nbsp;<\/strong>El encuentro ya fue oficializado por el club local mediante un comunicado.<\/p>\n\n\n\n<p>\u201cEnfrentarnos a Inter Miami y recibir en nuestra casa a figuras que han marcado la historia del f\u00fatbol mundial es una oportunidad para&nbsp;<strong>demostrar, una vez m\u00e1s, que Atl\u00e9tico Nacional es un club de talla internacional\u201d,<\/strong>&nbsp;expres\u00f3 Sebasti\u00e1n Arango, presidente del equipo.<\/p>\n\n\n\n<figure class=\"wp-block-image\"><img decoding=\"async\" src=\"https:\/\/tn.com.ar\/resizer\/v2\/mls-2025-mls-cup-vancouver-whitecaps-fc-at-inter-miami-cf-foto-reuters-PSI3W62SLMRXWKJJOIVP5PNSCM.jpg?auth=c65572e15387fcaa58bcbbde551ff9847bc404ba3e2159bf5bd52656969394d8&amp;width=767\" alt=\"MLS: 2025 MLS Cup-Vancouver Whitecaps FC at Inter Miami CF (foto: Reuters)\"\/><\/figure>\n\n\n\n<p>Una semana m\u00e1s tarde, el conjunto de&nbsp;<strong>Javier Mascherano<\/strong>&nbsp;se medir\u00e1 ante&nbsp;<strong>Barcelona de Guayaquil&nbsp;<\/strong>en Ecuador en el estadio Banco Pichincha, con capacidad para 60.000 asistentes.<\/p>\n\n\n\n<p>Daniel Molina, gestor principal del acuerdo, dijo que el encuentro del 7 de febrero ser\u00e1 acaso una oportunidad de recibir al astro argentino por \u00faltima vez&nbsp;<strong>\u201ccomo campe\u00f3n del mundo\u201d.<\/strong><\/p>\n\n\n\n<p>Finalmente, la gira de Inter Miami se completar\u00e1 en Per\u00fa, aunque todav\u00eda no fue anunciada la fecha ni el rival al que se en<\/p>\n\n\n\n<p><\/p>\n","protected":false},"excerpt":{"rendered":"<p>El equipo estadounidense realizar\u00e1 una gira a partir de enero y evitar\u00e1 que los jugadores pierdan ritmo en el a\u00f1o de la Copa del Mundo hasta que comience la temporada&hellip; <\/p>\n","protected":false},"author":8,"featured_media":239323,"comment_status":"closed","ping_status":"open","sticky":false,"template":"","format":"standard","meta":{"footnotes":""},"categories":[4],"tags":[],"class_list":["post-239322","post","type-post","status-publish","format-standard","has-post-thumbnail","hentry","category-deportes"],"_links":{"self":[{"href":"https:\/\/corrientesdetarde.com\/index.php\/wp-json\/wp\/v2\/posts\/239322","targetHints":{"allow":["GET"]}}],"collection":[{"href":"https:\/\/corrientesdetarde.com\/index.php\/wp-json\/wp\/v2\/posts"}],"about":[{"href":"https:\/\/corrientesdetarde.com\/index.php\/wp-json\/wp\/v2\/types\/post"}],"author":[{"embeddable":true,"href":"https:\/\/corrientesdetarde.com\/index.php\/wp-json\/wp\/v2\/users\/8"}],"replies":[{"embeddable":true,"href":"https:\/\/corrientesdetarde.com\/index.php\/wp-json\/wp\/v2\/comments?post=239322"}],"version-history":[{"count":1,"href":"https:\/\/corrientesdetarde.com\/index.php\/wp-json\/wp\/v2\/posts\/239322\/revisions"}],"predecessor-version":[{"id":239324,"href":"https:\/\/corrientesdetarde.com\/index.php\/wp-json\/wp\/v2\/posts\/239322\/revisions\/239324"}],"wp:featuredmedia":[{"embeddable":true,"href":"https:\/\/corrientesdetarde.com\/index.php\/wp-json\/wp\/v2\/media\/239323"}],"wp:attachment":[{"href":"https:\/\/corrientesdetarde.com\/index.php\/wp-json\/wp\/v2\/media?parent=239322"}],"wp:term":[{"taxonomy":"category","embeddable":true,"href":"https:\/\/corrientesdetarde.com\/index.php\/wp-json\/wp\/v2\/categories?post=239322"},{"taxonomy":"post_tag","embeddable":true,"href":"https:\/\/corrientesdetarde.com\/index.php\/wp-json\/wp\/v2\/tags?post=239322"}],"curies":[{"name":"wp","href":"https:\/\/api.w.org\/{rel}","templated":true}]}}