{"id":239328,"date":"2025-12-11T11:52:42","date_gmt":"2025-12-11T14:52:42","guid":{"rendered":"https:\/\/corrientesdetarde.com\/?p=239328"},"modified":"2025-12-11T11:52:54","modified_gmt":"2025-12-11T14:52:54","slug":"dia-del-hincha-de-boca-como-seran-los-festejos-que-prepara-el-club-en-la-bombonera","status":"publish","type":"post","link":"https:\/\/corrientesdetarde.com\/index.php\/deportes\/dia-del-hincha-de-boca-como-seran-los-festejos-que-prepara-el-club-en-la-bombonera\/","title":{"rendered":"D\u00eda del Hincha de Boca: c\u00f3mo ser\u00e1n los festejos que prepara el club en la Bombonera"},"content":{"rendered":"\n<p>Este viernes 12 de diciembre los fan\u00e1ticos xeneize celebrar\u00e1n su d\u00eda en una fecha que remite al apodo con el que se conoce a su hinchada: La 12.<\/p>\n\n\n\n<p>Mientras el plantel est\u00e1 de vacaciones y los dirigentes definen la continuidad de\u00a0<strong>Claudio \u00dabeda<\/strong>,\u00a0<strong>Boca<\/strong>\u00a0celebrar\u00e1 este viernes,\u00a0<strong>12 del 12<\/strong>, un nuevo D\u00eda del Hincha, una celebraci\u00f3n que se instaur\u00f3 como casi como una fecha institucional desde hace m\u00e1s de una d\u00e9cada.<\/p>\n\n\n\n<p>Este a\u00f1o, el club decidi\u00f3 nuevamente&nbsp;<strong>abrir las puertas de la Bombonera<\/strong>&nbsp;para que los fan\u00e1ticos asistan a rendirle culto a su pasi\u00f3n. El evento originalmente naci\u00f3 con el Obelisco pero luego el club decidi\u00f3 fijar el estadio como sede para evitar incidentes en la v\u00eda p\u00fablica.<\/p>\n\n\n\n<p>Este viernes a las&nbsp;<strong>18:00<\/strong>, los socios podr\u00e1n asistir a un nuevo festejo por el D\u00eda del Hincha de&nbsp;<strong>Boca<\/strong>. De momento, el club notific\u00f3 a los abonados como autorizados para el ingreso, aunque se espera que en las pr\u00f3ximas horas se ampl\u00eden las categor\u00edas de las personas autorizadas a participar.<\/p>\n\n\n\n<figure class=\"wp-block-image\"><img decoding=\"async\" src=\"https:\/\/tn.com.ar\/resizer\/v2\/informacion-para-los-socios-de-boca-para-celebrar-un-nuevo-dia-del-hincha-NKO7JUOOCZFIXISDM457CRS6OQ.PNG?auth=7169f0d6a612a9721a76b6c42bdea54f77176a87ccdd852dd39c998619dfa73b&amp;width=767\" alt=\"Informaci\u00f3n para los socios de Boca para celebrar un nuevo d\u00eda del hincha\"\/><figcaption class=\"wp-element-caption\">Informaci\u00f3n para los socios de Boca para celebrar un nuevo d\u00eda del hincha<\/figcaption><\/figure>\n\n\n\n<p>La cita incluir\u00e1 shows musicales.&nbsp;<strong>\u201cUn poco de Ruido\u201d<\/strong>&nbsp;programa relacionado a la cumbia estar\u00e1 presente y ser\u00e1 uno de los encargados de musicalizar la jornada xeneize. Por otro lado, la murga&nbsp;<strong>\u201cLos Amantes de La Boca\u201d<\/strong>&nbsp;fieles a su estilo y al del club, tambi\u00e9n asistir\u00e1n para levantar al p\u00fablico.<\/p>\n","protected":false},"excerpt":{"rendered":"<p>Este viernes 12 de diciembre los fan\u00e1ticos xeneize celebrar\u00e1n su d\u00eda en una fecha que remite al apodo con el que se conoce a su hinchada: La 12. Mientras el&hellip; <\/p>\n","protected":false},"author":8,"featured_media":239329,"comment_status":"closed","ping_status":"open","sticky":false,"template":"","format":"standard","meta":{"footnotes":""},"categories":[4],"tags":[],"class_list":["post-239328","post","type-post","status-publish","format-standard","has-post-thumbnail","hentry","category-deportes"],"_links":{"self":[{"href":"https:\/\/corrientesdetarde.com\/index.php\/wp-json\/wp\/v2\/posts\/239328","targetHints":{"allow":["GET"]}}],"collection":[{"href":"https:\/\/corrientesdetarde.com\/index.php\/wp-json\/wp\/v2\/posts"}],"about":[{"href":"https:\/\/corrientesdetarde.com\/index.php\/wp-json\/wp\/v2\/types\/post"}],"author":[{"embeddable":true,"href":"https:\/\/corrientesdetarde.com\/index.php\/wp-json\/wp\/v2\/users\/8"}],"replies":[{"embeddable":true,"href":"https:\/\/corrientesdetarde.com\/index.php\/wp-json\/wp\/v2\/comments?post=239328"}],"version-history":[{"count":1,"href":"https:\/\/corrientesdetarde.com\/index.php\/wp-json\/wp\/v2\/posts\/239328\/revisions"}],"predecessor-version":[{"id":239330,"href":"https:\/\/corrientesdetarde.com\/index.php\/wp-json\/wp\/v2\/posts\/239328\/revisions\/239330"}],"wp:featuredmedia":[{"embeddable":true,"href":"https:\/\/corrientesdetarde.com\/index.php\/wp-json\/wp\/v2\/media\/239329"}],"wp:attachment":[{"href":"https:\/\/corrientesdetarde.com\/index.php\/wp-json\/wp\/v2\/media?parent=239328"}],"wp:term":[{"taxonomy":"category","embeddable":true,"href":"https:\/\/corrientesdetarde.com\/index.php\/wp-json\/wp\/v2\/categories?post=239328"},{"taxonomy":"post_tag","embeddable":true,"href":"https:\/\/corrientesdetarde.com\/index.php\/wp-json\/wp\/v2\/tags?post=239328"}],"curies":[{"name":"wp","href":"https:\/\/api.w.org\/{rel}","templated":true}]}}