{"id":239331,"date":"2025-12-11T11:56:57","date_gmt":"2025-12-11T14:56:57","guid":{"rendered":"https:\/\/corrientesdetarde.com\/?p=239331"},"modified":"2025-12-11T11:57:04","modified_gmt":"2025-12-11T14:57:04","slug":"la-revista-time-nombro-a-los-arquitectos-de-la-ia-como-las-personas-mas-destacadas-del-ano","status":"publish","type":"post","link":"https:\/\/corrientesdetarde.com\/index.php\/tecnologia\/la-revista-time-nombro-a-los-arquitectos-de-la-ia-como-las-personas-mas-destacadas-del-ano\/","title":{"rendered":"La revista Time nombr\u00f3 a los \u201carquitectos de la IA\u201d como las personas m\u00e1s destacadas del a\u00f1o"},"content":{"rendered":"\n<p>La publicaci\u00f3n estadounidense reuni\u00f3 a los principales referentes del sector y se\u00f1al\u00f3 que el impacto de esta tecnolog\u00eda ya atraviesa la econom\u00eda, la pol\u00edtica y la vida diaria.<\/p>\n\n\n\n<p>La\u00a0<strong>revista\u00a0<\/strong><em><strong>Time<\/strong><\/em>\u00a0eligi\u00f3 a los \u201c<strong>arquitectos\u00a0<\/strong>de la\u00a0<strong>inteligencia artificial<\/strong>(IA)\u201d como\u00a0<strong>Persona del A\u00f1o 2025<\/strong>, en un reconocimiento que, seg\u00fan la publicaci\u00f3n, apunta a quienes \u201chan tomado el volante de la Historia\u201d mediante el desarrollo de una tecnolog\u00eda que ya est\u00e1\u00a0<strong>remodelando la econom\u00eda, la pol\u00edtica y la vida cotidiana<\/strong>.<\/p>\n\n\n\n<p>Se trata de una decisi\u00f3n in\u00e9dita: aunque en 1982 la revista distingui\u00f3 a&nbsp;<strong>\u201cla computadora\u201d<\/strong>, es la primera vez que destaca de manera conjunta a la IA y a quienes impulsan su avance.<\/p>\n\n\n\n<p>En su edici\u00f3n especial,&nbsp;<em>Time<\/em>&nbsp;asegur\u00f3 que&nbsp;<strong>ninguna figura humana<\/strong>&nbsp;tuvo en el \u00faltimo a\u00f1o un impacto comparable al de la revoluci\u00f3n tecnol\u00f3gica protagonizada por los sistemas de IA. La revista sostuvo que la elecci\u00f3n responde a un fen\u00f3meno que atraviesa m\u00faltiples dimensiones: \u201cPor primera vez en la historia, una tecnolog\u00eda es capaz de&nbsp;<strong>amplificar o reemplazar habilidades cognitivas humanas<\/strong>&nbsp;a escala masiva\u201d, modificando desde la producci\u00f3n de informaci\u00f3n hasta la forma en que las sociedades imaginan su futuro.<\/p>\n\n\n\n<p>La portada re\u00fane a varios de los protagonistas de esta transformaci\u00f3n. En la imagen \u2013un gui\u00f1o directo a la ic\u00f3nica fotograf\u00eda&nbsp;<em><strong>Lunch atop a Skyscraper<\/strong><\/em>\u2013 aparecen ejecutivos y cient\u00edficos clave del sector sentados sobre una viga de acero suspendida sobre Nueva York. All\u00ed figuran&nbsp;<strong>Mark Zuckerberg<\/strong>&nbsp;(Meta),&nbsp;<strong>Lisa Su<\/strong>&nbsp;(AMD),&nbsp;<strong>Elon Musk<\/strong>&nbsp;(Tesla, SpaceX y xAI),&nbsp;<strong>Jensen Huang<\/strong>&nbsp;(Nvidia),&nbsp;<strong>Sam Altman<\/strong>&nbsp;(OpenAI),&nbsp;<strong>Satya Nadella<\/strong>&nbsp;(Microsoft),&nbsp;<strong>Demis Hassabis<\/strong>&nbsp;(Google DeepMind),&nbsp;<strong>Dario Amodei<\/strong>&nbsp;(Anthropic) y&nbsp;<strong>Fei-Fei Li<\/strong>&nbsp;(Instituto de IA de la Universidad de Stanford).<\/p>\n\n\n\n<figure class=\"wp-block-image\"><img decoding=\"async\" src=\"https:\/\/tn.com.ar\/resizer\/v2\/aunque-en-1982-la-revista-distinguio-a-la-computadora-es-la-primera-vez-que-destaca-de-manera-conjunta-a-la-ia-y-a-quienes-impulsan-su-avance-foto-time-magazine-6K5C54WGRRADZCTQU3FQLZZWSQ.jpg?auth=2831f85a19c6fbc75362e3b4edec4b9d7b05112c37f1b3e6fb1adcdf7e80d107&amp;width=767\" alt=\"Aunque en 1982 la revista distingui\u00f3 a \u201cla computadora\u201d, es la primera vez que destaca de manera conjunta a la IA y a quienes impulsan su avance. (Foto: Time Magazine)\"\/><\/figure>\n\n\n\n<p>La revista defini\u00f3 a este grupo como los responsables de&nbsp;<strong>\u201cinaugurar la era de las m\u00e1quinas pensantes\u201d<\/strong>, y afirm\u00f3 que su labor \u201casombr\u00f3 y preocup\u00f3 a la humanidad, transform\u00f3 el presente y trascendi\u00f3 los l\u00edmites de lo posible\u201d. Seg\u00fan el texto, su trabajo no solo impuls\u00f3 innovaciones cient\u00edficas sin precedentes, sino que adem\u00e1s \u201creorient\u00f3 la pol\u00edtica gubernamental, alter\u00f3 las rivalidades geopol\u00edticas y&nbsp;<strong>llev\u00f3 robots a los hogares<\/strong>\u201d.<\/p>\n\n\n\n<p>La elecci\u00f3n llega despu\u00e9s de doce meses en los que empresas tecnol\u00f3gicas lanzaron modelos cada vez m\u00e1s potentes, reavivando debates sobre&nbsp;<strong>seguridad, desinformaci\u00f3n, propiedad intelectual y futuro del trabajo<\/strong>. Investigadores advirtieron que la dependencia de sistemas opacos puede amplificar sesgos o generar decisiones automatizadas dif\u00edciles de supervisar, mientras que gobiernos de todo el mundo discutieron nuevas regulaciones.<\/p>\n\n\n\n<p>En paralelo, la IA mostr\u00f3 avances que hasta hace poco parec\u00edan ciencia ficci\u00f3n:&nbsp;<strong>diagn\u00f3sticos m\u00e9dicos<\/strong>&nbsp;asistidos por algoritmos, descubrimiento acelerado de&nbsp;<strong>f\u00e1rmacos<\/strong>,&nbsp;<strong>creaci\u00f3n art\u00edstica<\/strong>&nbsp;generativa y asistentes capaces de razonar en&nbsp;<strong>lenguaje natural<\/strong>.&nbsp;<em>Time<\/em>&nbsp;subray\u00f3 que estas capacidades ya modifican sectores como la salud, la educaci\u00f3n, el entretenimiento, la defensa y las finanzas.<\/p>\n\n\n\n<p>Los&nbsp;<strong>efectos econ\u00f3micos<\/strong>&nbsp;tambi\u00e9n ocuparon un lugar central en la argumentaci\u00f3n de la revista. La publicaci\u00f3n se\u00f1al\u00f3 que las grandes tecnol\u00f3gicas concentraron<strong>&nbsp;\u201cinversiones r\u00e9cord\u201d<\/strong>, al tiempo que industrias tradicionales se vieron obligadas a adaptarse. Adem\u00e1s, destac\u00f3 que la carrera por el liderazgo global en IA se convirti\u00f3 en un eje de la competencia entre Estados Unidos, China y la Uni\u00f3n Europea.<\/p>\n\n\n\n<p>El&nbsp;<strong>impacto pol\u00edtico&nbsp;<\/strong>tampoco qued\u00f3 al margen. De acuerdo con&nbsp;<em>Time<\/em>, la IA ingres\u00f3 de lleno en las discusiones p\u00fablicas: desde su uso en la gesti\u00f3n estatal hasta los riesgos de manipulaci\u00f3n informativa en elecciones. El&nbsp;<strong>auge de los deepfakes y contenidos sint\u00e9ticos<\/strong>&nbsp;llev\u00f3 a partidos y reguladores a implementar medidas para resguardar la integridad de los procesos democr\u00e1ticos.<\/p>\n\n\n\n<p>Aunque la revista puso el foco en los l\u00edderes visibles de la industria, enfatiz\u00f3 que el desarrollo de la IA es el resultado del trabajo de miles de investigadores, ingenieros, programadores, dise\u00f1adores y artistas que impulsan esta transformaci\u00f3n desde laboratorios, universidades y empresas emergentes.<\/p>\n\n\n\n<p><\/p>\n","protected":false},"excerpt":{"rendered":"<p>La publicaci\u00f3n estadounidense reuni\u00f3 a los principales referentes del sector y se\u00f1al\u00f3 que el impacto de esta tecnolog\u00eda ya atraviesa la econom\u00eda, la pol\u00edtica y la vida diaria. La\u00a0revista\u00a0Time\u00a0eligi\u00f3 a&hellip; <\/p>\n","protected":false},"author":8,"featured_media":239332,"comment_status":"closed","ping_status":"open","sticky":false,"template":"","format":"standard","meta":{"footnotes":""},"categories":[24],"tags":[],"class_list":["post-239331","post","type-post","status-publish","format-standard","has-post-thumbnail","hentry","category-tecnologia"],"_links":{"self":[{"href":"https:\/\/corrientesdetarde.com\/index.php\/wp-json\/wp\/v2\/posts\/239331","targetHints":{"allow":["GET"]}}],"collection":[{"href":"https:\/\/corrientesdetarde.com\/index.php\/wp-json\/wp\/v2\/posts"}],"about":[{"href":"https:\/\/corrientesdetarde.com\/index.php\/wp-json\/wp\/v2\/types\/post"}],"author":[{"embeddable":true,"href":"https:\/\/corrientesdetarde.com\/index.php\/wp-json\/wp\/v2\/users\/8"}],"replies":[{"embeddable":true,"href":"https:\/\/corrientesdetarde.com\/index.php\/wp-json\/wp\/v2\/comments?post=239331"}],"version-history":[{"count":1,"href":"https:\/\/corrientesdetarde.com\/index.php\/wp-json\/wp\/v2\/posts\/239331\/revisions"}],"predecessor-version":[{"id":239333,"href":"https:\/\/corrientesdetarde.com\/index.php\/wp-json\/wp\/v2\/posts\/239331\/revisions\/239333"}],"wp:featuredmedia":[{"embeddable":true,"href":"https:\/\/corrientesdetarde.com\/index.php\/wp-json\/wp\/v2\/media\/239332"}],"wp:attachment":[{"href":"https:\/\/corrientesdetarde.com\/index.php\/wp-json\/wp\/v2\/media?parent=239331"}],"wp:term":[{"taxonomy":"category","embeddable":true,"href":"https:\/\/corrientesdetarde.com\/index.php\/wp-json\/wp\/v2\/categories?post=239331"},{"taxonomy":"post_tag","embeddable":true,"href":"https:\/\/corrientesdetarde.com\/index.php\/wp-json\/wp\/v2\/tags?post=239331"}],"curies":[{"name":"wp","href":"https:\/\/api.w.org\/{rel}","templated":true}]}}