{"id":239334,"date":"2025-12-11T11:59:35","date_gmt":"2025-12-11T14:59:35","guid":{"rendered":"https:\/\/corrientesdetarde.com\/?p=239334"},"modified":"2025-12-11T11:59:42","modified_gmt":"2025-12-11T14:59:42","slug":"punto-por-punto-todos-los-detalles-de-la-reforma-laboral-de-javier-milei","status":"publish","type":"post","link":"https:\/\/corrientesdetarde.com\/index.php\/politica\/punto-por-punto-todos-los-detalles-de-la-reforma-laboral-de-javier-milei\/","title":{"rendered":"Punto por punto, todos los detalles de la reforma laboral de Javier Milei"},"content":{"rendered":"\n<p>El Presidente firm\u00f3 la iniciativa esta ma\u00f1ana y ya ingres\u00f3 en el Senado para su tratamiento. Qu\u00e9 dice sobre el per\u00edodo de prueba, vacaciones y las medidas de fuerza.<\/p>\n\n\n\n<p>El presidente\u00a0<strong>Javier Milei\u00a0<\/strong>firm\u00f3 el\u00a0proyecto de ley\u00a0que incluye la reforma laboral y que envi\u00f3 al Congreso este mismo jueves.<\/p>\n\n\n\n<p>La iniciativa oficial introduce&nbsp;<strong>cambios en el r\u00e9gimen de contrataciones<\/strong>&nbsp;que van desde el per\u00edodo de prueba, licencias por vacaciones, los \u201cbancos de horas\u201d a indemnizaciones.<\/p>\n\n\n\n<p>El texto fue originado en el Consejo de Mayo con las propuestas que el Gobierno trabaj\u00f3 a lo largo del a\u00f1o, basadas en los 10 puntos del Pacto de Mayo.<\/p>\n\n\n\n<h2 class=\"wp-block-heading\">Los principales puntos de la reforma laboral que busca aprobar el Gobierno<\/h2>\n\n\n\n<p>El presidente Javier Milei envi\u00f3 el texto oficial de la reforma laboral que ser\u00e1 tratado por el Congreso en sesiones extraordinarias. A continuaci\u00f3n, los principales puntos del proyecto de ley:<\/p>\n\n\n\n<h3 class=\"wp-block-heading\">Indemnizaciones por despidos<\/h3>\n\n\n\n<p>Se establece una<strong>&nbsp;reducci\u00f3n&nbsp;<\/strong>en la base de c\u00e1lculo de las indemnizaciones: se eliminan las vacaciones, el aguinaldo, propinas o premios en la f\u00f3rmula.<\/p>\n\n\n\n<p>Con respecto al c\u00e1lculo, se define la remuneraci\u00f3n normal y habitual como la devengada al menos seis meses del \u00faltimo a\u00f1o, y se establecen topes espec\u00edficos: la base<strong>&nbsp;no podr\u00e1 superar tres veces el salario promedio del convenio aplicable<\/strong>, con un<strong>&nbsp;piso del 67%<\/strong>&nbsp;de ese valor.<\/p>\n\n\n\n<p>\u201cLa&nbsp;<strong>indemnizaci\u00f3n en ning\u00fan caso podr\u00e1 ser inferior a un mes de sueldo calculado&nbsp;<\/strong>sobre la base del sistema establecido\u201d, indica el texto.<\/p>\n\n\n\n<figure class=\"wp-block-image\"><img decoding=\"async\" src=\"https:\/\/tn.com.ar\/resizer\/v2\/el-presidente-javier-milei-firmo-el-proyecto-de-reforma-laboral-acompanado-por-el-jefe-de-gabinete-manuel-adorni-foto-presidencia-2VBHKZFDOJHP7O6SER4OUBIZYQ.jpg?auth=d4819455768bf0677f5b1c7772d3e5ce2fa019ac1bc6f607119c1cc7913c5bc8&amp;width=767\" alt=\"El presidente Javier Milei firm\u00f3 el proyecto de reforma laboral, acompa\u00f1ado por el jefe de Gabinete, Manuel Adorni. (Foto: Presidencia)\"\/><\/figure>\n\n\n\n<p>Tambi\u00e9n se crea los&nbsp;<strong>Fondos de Asistencia Laboral&nbsp;<\/strong>(FAL), un nuevo sistema obligatorio para financiar las indemnizaciones por despidos. Ser\u00e1 conformado con una contribuci\u00f3n obligatoria del 3% de las remuneraciones que se toman como base para el c\u00e1lculo de los aportes patronales al Sistema Integrado Previsional Argentino (SIPA).<\/p>\n\n\n\n<p>El empleador integrar\u00e1 estos importes cada mes al momento de declarar y pagar los aportes y contribuciones patronales.<\/p>\n\n\n\n<p>Los FAL ser\u00e1n administrados por entidades habilitadas por CNV. \u201cEn ning\u00fan caso esta derivaci\u00f3n implicar\u00e1 responsabilidad alguna por parte del Estado Nacional respecto de las obligaciones del empleador\u201d, aclara la normativa que tratar\u00e1 el Senado.<\/p>\n\n\n\n<h3 class=\"wp-block-heading\">Banco de horas<\/h3>\n\n\n\n<p>El empleador y el trabajador podr\u00e1n acordar un r\u00e9gimen de compensaci\u00f3n de&nbsp;<strong>horas extraordinarias de trabajo<\/strong>. Tendr\u00e1 que formalizarse por escrito y es de&nbsp;<strong>car\u00e1cter voluntario<\/strong>.<\/p>\n\n\n\n<p>Este acuerdo debe definir controles que permitan registrar las horas efectivamente trabajadas y las disponibles para su goce.<\/p>\n\n\n\n<p>\u201cDicho r\u00e9gimen, que podr\u00e1 igualmente ser pactado por el empleador con la representaci\u00f3n sindical en la empresa, deber\u00e1 respetar los descansos m\u00ednimos legales, asegurando en todo momento la protecci\u00f3n, beneficio e inter\u00e9s del trabajador\u201d, destaca el proyecto.<\/p>\n\n\n\n<p>Mientras que los convenios colectivos pueden establecer m\u00e9todos de c\u00e1lculo de la jornada m\u00e1xima por promedio, siempre garantizando descansos m\u00ednimos de 12 horas entre jornadas y de 35 horas semanales.<\/p>\n\n\n\n<h3 class=\"wp-block-heading\">Salarios<\/h3>\n\n\n\n<p>La reforma laboral incorpora el \u201c<strong>salario din\u00e1mico<\/strong>\u201d que puede fijarse por tiempo o por rendimiento del trabajo, y en este \u00faltimo caso por unidad de obra, comisi\u00f3n individual o colectiva. Tambi\u00e9n indica que las remuneraciones podr\u00e1n ser liquidadas en pesos, moneda extranjera o en especie.<\/p>\n\n\n\n<h3 class=\"wp-block-heading\">R\u00e9gimen de vacaciones<\/h3>\n\n\n\n<p>El texto oficial fija la posibilidad de fraccionar las vacaciones por un m\u00ednimo de&nbsp;<strong>siete d\u00edas<\/strong>. El per\u00edodo de goce contin\u00faa sin cambios, es decir, entre el&nbsp;<strong>1\u00b0 de octubre y el 30 de abril&nbsp;<\/strong>del a\u00f1o siguiente.<\/p>\n\n\n\n<h3 class=\"wp-block-heading\">Asambleas y huelgas<\/h3>\n\n\n\n<p>El proyecto de ley que impulsa el Gobierno&nbsp;<strong>limita la realizaci\u00f3n de las asambleas y aclara que durante ese lapso, el trabajador<\/strong>&nbsp;\u201cno devengar\u00e1 salarios\u201d. En ese sentido, la reforma laboral considera<strong>&nbsp;\u201cinfracciones muy graves\u201d<\/strong>&nbsp;los siguientes puntos:<\/p>\n\n\n\n<ul class=\"wp-block-list\">\n<li>Afectar la libertad de trabajo de quienes<strong>\u00a0no adhieran a una medida de fuerza\u00a0<\/strong>mediante actos y\/o hechos y\/o intimidaciones o amenazas;<\/li>\n\n\n\n<li>Provocar, y\/o instar y\/u organizar el\u00a0<strong>bloqueo o tomar un establecimiento<\/strong>;<\/li>\n\n\n\n<li><strong>Ocasionar da\u00f1os\u00a0<\/strong>en personas o en cosas de propiedad de la empresa o de terceros, se encuentren o no en el establecimiento del empleador (instalaciones, mercader\u00edas, insumos y materias primas, herramientas, etc.) o retenerlas indebidamente.<\/li>\n<\/ul>\n","protected":false},"excerpt":{"rendered":"<p>El Presidente firm\u00f3 la iniciativa esta ma\u00f1ana y ya ingres\u00f3 en el Senado para su tratamiento. Qu\u00e9 dice sobre el per\u00edodo de prueba, vacaciones y las medidas de fuerza. El&hellip; <\/p>\n","protected":false},"author":8,"featured_media":239335,"comment_status":"closed","ping_status":"open","sticky":false,"template":"","format":"standard","meta":{"footnotes":""},"categories":[3],"tags":[],"class_list":["post-239334","post","type-post","status-publish","format-standard","has-post-thumbnail","hentry","category-politica"],"_links":{"self":[{"href":"https:\/\/corrientesdetarde.com\/index.php\/wp-json\/wp\/v2\/posts\/239334","targetHints":{"allow":["GET"]}}],"collection":[{"href":"https:\/\/corrientesdetarde.com\/index.php\/wp-json\/wp\/v2\/posts"}],"about":[{"href":"https:\/\/corrientesdetarde.com\/index.php\/wp-json\/wp\/v2\/types\/post"}],"author":[{"embeddable":true,"href":"https:\/\/corrientesdetarde.com\/index.php\/wp-json\/wp\/v2\/users\/8"}],"replies":[{"embeddable":true,"href":"https:\/\/corrientesdetarde.com\/index.php\/wp-json\/wp\/v2\/comments?post=239334"}],"version-history":[{"count":1,"href":"https:\/\/corrientesdetarde.com\/index.php\/wp-json\/wp\/v2\/posts\/239334\/revisions"}],"predecessor-version":[{"id":239336,"href":"https:\/\/corrientesdetarde.com\/index.php\/wp-json\/wp\/v2\/posts\/239334\/revisions\/239336"}],"wp:featuredmedia":[{"embeddable":true,"href":"https:\/\/corrientesdetarde.com\/index.php\/wp-json\/wp\/v2\/media\/239335"}],"wp:attachment":[{"href":"https:\/\/corrientesdetarde.com\/index.php\/wp-json\/wp\/v2\/media?parent=239334"}],"wp:term":[{"taxonomy":"category","embeddable":true,"href":"https:\/\/corrientesdetarde.com\/index.php\/wp-json\/wp\/v2\/categories?post=239334"},{"taxonomy":"post_tag","embeddable":true,"href":"https:\/\/corrientesdetarde.com\/index.php\/wp-json\/wp\/v2\/tags?post=239334"}],"curies":[{"name":"wp","href":"https:\/\/api.w.org\/{rel}","templated":true}]}}