{"id":239337,"date":"2025-12-11T12:42:25","date_gmt":"2025-12-11T15:42:25","guid":{"rendered":"https:\/\/corrientesdetarde.com\/?p=239337"},"modified":"2025-12-11T12:42:28","modified_gmt":"2025-12-11T15:42:28","slug":"juan-pablo-valdes-hoy-empezamos-a-trabajar-juntos-por-el-sueno-de-la-transformacion-de-corrientes","status":"publish","type":"post","link":"https:\/\/corrientesdetarde.com\/index.php\/locales\/juan-pablo-valdes-hoy-empezamos-a-trabajar-juntos-por-el-sueno-de-la-transformacion-de-corrientes\/","title":{"rendered":"Juan Pablo Vald\u00e9s &#8220;hoy empezamos a trabajar juntos por el sue\u00f1o de la transformaci\u00f3n de Corrientes\u201d"},"content":{"rendered":"\n<p>Este jueves se realiz\u00f3 el acto de jura de los ministros que acompa\u00f1ar\u00e1n al gobernador en su gesti\u00f3n. El mandatario provincial anunci\u00f3 que &#8220;hoy empezamos a trabajar juntos por el sue\u00f1o de la transformaci\u00f3n de Corrientes\u201d.<\/p>\n\n\n\n<p>El&nbsp;<strong>gobernador de Corrientes Juan Pablo Vald\u00e9s&nbsp;<\/strong>encabez\u00f3 este jueves el&nbsp;<strong>acto de juramento&nbsp;<\/strong>de los&nbsp;<strong>miembros&nbsp;<\/strong>de su&nbsp;<strong>gabinete<\/strong>, en el&nbsp;<strong>Sal\u00f3n Amarillo&nbsp;<\/strong>de&nbsp;<strong>Casa de Gobierno<\/strong>.<\/p>\n\n\n\n<p>Tras citar a cada nuevo ministro para realizar la&nbsp;<strong>jura&nbsp;<\/strong>y&nbsp;<strong>firma&nbsp;<\/strong>del&nbsp;<strong>acta&nbsp;<\/strong>correspondiente, el&nbsp;<strong>mandatario provincial&nbsp;<\/strong>dijo que \u201cayer fue el&nbsp;<strong>cierre de una gesti\u00f3n exitosa<\/strong>, que le ha dado mucha&nbsp;<strong>prosperidad a la provincia de Corrientes<\/strong>\u201d.<\/p>\n\n\n\n<p>Adem\u00e1s, destac\u00f3 que \u201c<strong>queremos&nbsp;<\/strong>hoy, ac\u00e1 todos juntos,&nbsp;<strong>decirles a los correntinos&nbsp;<\/strong>que&nbsp;<strong>ac\u00e1 estamos&nbsp;<\/strong>y hoy empezamos a trabajar juntos por el&nbsp;<strong>sue\u00f1o de la transformaci\u00f3n de Corrientes<\/strong>\u201d.<\/p>\n\n\n\n<p>Por otro lado, el gobernador\u00a0<strong>se dirigi\u00f3 a sus ministros\u00a0<\/strong>que \u201c<strong>espero de ustedes lo mismo que esperan todos los correntinos<\/strong>: su\u00a0<strong>compromiso total\u00a0<\/strong>con el futuro de cada correntino, de cada hogar\u201d, y agreg\u00f3 que solo as\u00ed \u201chagamos\u00a0<strong>ese\u00a0Corrientes que queremos<\/strong>, uno\u00a0<strong>pujante<\/strong>,\u00a0<strong>desarrollado<\/strong>,\u00a0<strong>transformado\u00a0<\/strong>y con\u00a0<strong>oportunidad para todos\u00a0<\/strong>los correntinos y podamos crecer ac\u00e1\u201d.<a href=\"https:\/\/www.ellitoral.com.ar\/actualidad\/2025-12-11-10-1-0-jura-de-ministros-en-corrientes-quienes-integran-el-gabinete-de-juan-pablo-valdes\"><\/a><\/p>\n","protected":false},"excerpt":{"rendered":"<p>Este jueves se realiz\u00f3 el acto de jura de los ministros que acompa\u00f1ar\u00e1n al gobernador en su gesti\u00f3n. El mandatario provincial anunci\u00f3 que &#8220;hoy empezamos a trabajar juntos por el&hellip; <\/p>\n","protected":false},"author":8,"featured_media":239339,"comment_status":"closed","ping_status":"open","sticky":false,"template":"","format":"standard","meta":{"footnotes":""},"categories":[8],"tags":[],"class_list":["post-239337","post","type-post","status-publish","format-standard","has-post-thumbnail","hentry","category-locales"],"_links":{"self":[{"href":"https:\/\/corrientesdetarde.com\/index.php\/wp-json\/wp\/v2\/posts\/239337","targetHints":{"allow":["GET"]}}],"collection":[{"href":"https:\/\/corrientesdetarde.com\/index.php\/wp-json\/wp\/v2\/posts"}],"about":[{"href":"https:\/\/corrientesdetarde.com\/index.php\/wp-json\/wp\/v2\/types\/post"}],"author":[{"embeddable":true,"href":"https:\/\/corrientesdetarde.com\/index.php\/wp-json\/wp\/v2\/users\/8"}],"replies":[{"embeddable":true,"href":"https:\/\/corrientesdetarde.com\/index.php\/wp-json\/wp\/v2\/comments?post=239337"}],"version-history":[{"count":1,"href":"https:\/\/corrientesdetarde.com\/index.php\/wp-json\/wp\/v2\/posts\/239337\/revisions"}],"predecessor-version":[{"id":239340,"href":"https:\/\/corrientesdetarde.com\/index.php\/wp-json\/wp\/v2\/posts\/239337\/revisions\/239340"}],"wp:featuredmedia":[{"embeddable":true,"href":"https:\/\/corrientesdetarde.com\/index.php\/wp-json\/wp\/v2\/media\/239339"}],"wp:attachment":[{"href":"https:\/\/corrientesdetarde.com\/index.php\/wp-json\/wp\/v2\/media?parent=239337"}],"wp:term":[{"taxonomy":"category","embeddable":true,"href":"https:\/\/corrientesdetarde.com\/index.php\/wp-json\/wp\/v2\/categories?post=239337"},{"taxonomy":"post_tag","embeddable":true,"href":"https:\/\/corrientesdetarde.com\/index.php\/wp-json\/wp\/v2\/tags?post=239337"}],"curies":[{"name":"wp","href":"https:\/\/api.w.org\/{rel}","templated":true}]}}