{"id":239341,"date":"2025-12-11T12:44:21","date_gmt":"2025-12-11T15:44:21","guid":{"rendered":"https:\/\/corrientesdetarde.com\/?p=239341"},"modified":"2025-12-11T12:44:33","modified_gmt":"2025-12-11T15:44:33","slug":"chiqui-tapia-toma-el-control-del-estadio-unico-de-la-plata-por-decision-de-axel-kicillof","status":"publish","type":"post","link":"https:\/\/corrientesdetarde.com\/index.php\/deportes\/chiqui-tapia-toma-el-control-del-estadio-unico-de-la-plata-por-decision-de-axel-kicillof\/","title":{"rendered":"Chiqui Tapia toma el control del Estadio \u00danico de La Plata por decisi\u00f3n de Axel Kicillof"},"content":{"rendered":"\n<p>El mandam\u00e1s del f\u00fatbol argentino pidi\u00f3 la disoluci\u00f3n de la Fundaci\u00f3n que integran Estudiantes y Gimnasia, que se relocalicen a 60 empleados y el cierre de una oficina oficial.<a href=\"https:\/\/tn.com.ar\/autor\/Fernanda+Alonso\/\"><\/a><\/p>\n\n\n\n<p>Mientras la Justicia busca conocer en causas simult\u00e1neas hasta d\u00f3nde llega el patrimonio y los nexos del presidente de la AFA,\u00a0<strong>Claudio \u201cChiqui\u201d Tapia<\/strong>\u00a0hunde sus tent\u00e1culos en la provincia de Buenos Aires. La<strong>\u00a0AFA acaba de tomar el control del Estadio \u00danico de La Plata<\/strong>. Todo, de la mano de\u00a0<strong>Axel Kicillof<\/strong>.<\/p>\n\n\n\n<p>Seg\u00fan pudo saber\u00a0, la AFA pidi\u00f3 que a partir del 27 de diciembre no quede personal de la provincia en el predio y que desde esa fecha\u00a0<strong>se disuelva la Fundaci\u00f3n Estadio \u00danico<\/strong>, que integran Estudiantes y Gimnasia. La Fundaci\u00f3n se financia con un porcentaje del bingo de La Plata que se destina para obras y oficia de contralor. Ahora todo depender\u00e1 de la AFA.<\/p>\n\n\n\n<p>\u201cSe reubicaron a los 60 empleados de la Provincia.&nbsp;<strong>La AFA no quiere m\u00e1s a nadie ac\u00e1<\/strong>\u201d, le dijo a este medio una fuente que conoce los pormenores del desembarco de Tapia en el \u00danico. Tanta exclusividad pidi\u00f3 la AFA que la oficina de la Subsecretar\u00eda de Deportes que funcionaba en el predio debi\u00f3 cerrarse. Por ahora, hasta que pueda ser relocalizado, el personal hace&nbsp;<em>homeoffice<\/em>.<\/p>\n\n\n\n<p>El acuerdo implica que, por la cesi\u00f3n de la gesti\u00f3n a la AFA, la provincia de Buenos Aires cobre un canon de&nbsp;<strong>$1.000 millones de pesos anuales y el 30% de la recaudaci\u00f3n neta de espect\u00e1culos no deportivos<\/strong>. Esto puede ser compensado en obras, como el&nbsp;<em>masterplan<\/em>&nbsp;que present\u00f3 Tapia.<\/p>\n\n\n\n<figure class=\"wp-block-image\"><img decoding=\"async\" src=\"https:\/\/tn.com.ar\/resizer\/v2\/reunion-de-comite-ejecutivo-de-la-afa-en-el-estadio-unico-de-la-plata-foto-afa-BTW47PJ7WJHADIUZQCDULDHCX4.jfif?auth=fe58ad34c291131f14430c244ca1209811c7c3591d34553b537ca3b569f0818d&amp;width=767\" alt=\"Reuni\u00f3n de Comit\u00e9 Ejecutivo de la AFA en el Estadio \u00danico de La Plata. (Foto AFA).\"\/><\/figure>\n\n\n\n<h2 class=\"wp-block-heading\">El pacto Tapia-Kicillof<\/h2>\n\n\n\n<p>El acuerdo pol\u00edtico entre el Gobernador y el mandam\u00e1s del f\u00fatbol argentino data desde enero, cuando Tapia asumi\u00f3 como presidente de la CEAMSE, de donde&nbsp;<strong>hab\u00eda sido desplazado por Jorge Macri<\/strong>. La Coordinaci\u00f3n Ecol\u00f3gica \u00c1rea Metropolitana Sociedad del Estado (CEAMSE) es una empresa creada por la Provincia de Buenos Aires y la Ciudad Aut\u00f3noma de Buenos Aires para la gesti\u00f3n integral de los Residuos S\u00f3lidos Urbanos (RSU) del \u00c1rea Metropolitana Buenos Aires. Tapia hab\u00eda llegado a la CEAMSE por el impulso de su exsuegro,&nbsp;<strong>Hugo Moyano<\/strong>.<\/p>\n\n\n\n<p>En el inicio de la pelea sin disimulo con<strong>&nbsp;Cristina Kirchner<\/strong>&nbsp;y en un a\u00f1o electoral, Kicillof se tent\u00f3 con la promesa de Tapia de llevar la Selecci\u00f3n de&nbsp;<strong>Leo Messi<\/strong>&nbsp;al estadio de 32 y 25 rebautizado Diego Armando Maradona, que tiene capacidad para unas<strong>&nbsp;50.000 personas<\/strong>.<\/p>\n\n\n\n<p>El 6 de diciembre de 2024,&nbsp;<strong>Kicillof y Tapia firmaron un convenio&nbsp;<\/strong>en el predio de la AFA, en Ezeiza. La AFA tendr\u00eda por delante 60 d\u00edas para presentar una propuesta de trabajo para que el estadio \u201cDiego Armando Maradona\u201d pueda transformarse \u201cen 2025 en una nueva sede de todo el f\u00fatbol argentino\u201d.<\/p>\n\n\n\n<p>El acuerdo inclu\u00eda la participaci\u00f3n de los seleccionados nacionales de f\u00fatbol y otros eventos futbol\u00edsticos (Copa Argentina y semifinales y finales neutrales) como del plano internacional (copas del continente). Pasaron los d\u00edas, ning\u00fan partido, y la AFA realiz\u00f3 en el \u00danico&nbsp;<strong>una reuni\u00f3n del Comit\u00e9 Ejecutivo<\/strong>&nbsp;el 17 de septiembre, a menos de&nbsp;<strong>dos semanas despu\u00e9s del triunfo del peronismo&nbsp;<\/strong>en la provincia de Buenos Aires.<\/p>\n\n\n\n<p>Ese d\u00eda,&nbsp;<strong>Tapia present\u00f3 el plan de obras<\/strong>: campo de juego, techo, iluminaci\u00f3n e infraestructuras interiores y conectividad. La fecha estimada de la finalizaci\u00f3n de los trabajos es&nbsp;<strong>marzo&nbsp;<\/strong>pr\u00f3ximo.<\/p>\n\n\n\n<p>\u201cNo solo va a ser la casa de las selecciones juveniles, femenina y mayor, sino tambi\u00e9n se van a poder jugar instancias en etapas definitorias de los torneos de la Liga, la Copa Argentina o tambi\u00e9n para cuando alg\u00fan club tiene en carpeta reformas edilicias en sus estadios lo puedan utilizar\u201d, dijo entusiasmado Tapia.<\/p>\n\n\n\n<p>La AFA aprob\u00f3 el cambio de nombre del estadio \u00danico de La Plata por&nbsp;<strong>\u201c\u00danico Diego Armando Maradona &#8211; Tricampeones del Mundo\u201d<\/strong>. En esa asamblease convalid\u00f3 el cambio de domicilio legal de la AFA desde CABA, por la sede en Viamonte, a Ezeiza, provincia de Buenos Aires.<\/p>\n\n\n\n<p><strong>El convenio por 5 a\u00f1os&nbsp;<\/strong>implica la cesi\u00f3n de la administraci\u00f3n a la AFA y las obras ser\u00e1n parte del canon. As\u00ed, la inversi\u00f3n reemplazar\u00e1 los pagos en efectivo de la AFA a la provincia de Buenos Aires.<\/p>\n\n\n\n<p>\u201cEl expediente est\u00e1 girando por los organismos de control, para avanzar en el c\u00e9sped y la nueva iluminaci\u00f3n\u201d, dijo <strong>\u00a0<\/strong>un funcionario bonaerense.<\/p>\n\n\n\n<p>Mientras tanto, la AFA de Tapia ya desembarc\u00f3 con<strong>&nbsp;una empresa de seguridad y dos empleados<\/strong>. Tan apurados estaban para que los empleados de la Provincia dejen las llaves, que se fueron y&nbsp;<strong>no llegaron a decirles d\u00f3nde estaban guardados los arcos<\/strong>.<\/p>\n\n\n\n<p><\/p>\n","protected":false},"excerpt":{"rendered":"<p>El mandam\u00e1s del f\u00fatbol argentino pidi\u00f3 la disoluci\u00f3n de la Fundaci\u00f3n que integran Estudiantes y Gimnasia, que se relocalicen a 60 empleados y el cierre de una oficina oficial. Mientras&hellip; <\/p>\n","protected":false},"author":8,"featured_media":239342,"comment_status":"closed","ping_status":"open","sticky":false,"template":"","format":"standard","meta":{"footnotes":""},"categories":[4],"tags":[],"class_list":["post-239341","post","type-post","status-publish","format-standard","has-post-thumbnail","hentry","category-deportes"],"_links":{"self":[{"href":"https:\/\/corrientesdetarde.com\/index.php\/wp-json\/wp\/v2\/posts\/239341","targetHints":{"allow":["GET"]}}],"collection":[{"href":"https:\/\/corrientesdetarde.com\/index.php\/wp-json\/wp\/v2\/posts"}],"about":[{"href":"https:\/\/corrientesdetarde.com\/index.php\/wp-json\/wp\/v2\/types\/post"}],"author":[{"embeddable":true,"href":"https:\/\/corrientesdetarde.com\/index.php\/wp-json\/wp\/v2\/users\/8"}],"replies":[{"embeddable":true,"href":"https:\/\/corrientesdetarde.com\/index.php\/wp-json\/wp\/v2\/comments?post=239341"}],"version-history":[{"count":1,"href":"https:\/\/corrientesdetarde.com\/index.php\/wp-json\/wp\/v2\/posts\/239341\/revisions"}],"predecessor-version":[{"id":239343,"href":"https:\/\/corrientesdetarde.com\/index.php\/wp-json\/wp\/v2\/posts\/239341\/revisions\/239343"}],"wp:featuredmedia":[{"embeddable":true,"href":"https:\/\/corrientesdetarde.com\/index.php\/wp-json\/wp\/v2\/media\/239342"}],"wp:attachment":[{"href":"https:\/\/corrientesdetarde.com\/index.php\/wp-json\/wp\/v2\/media?parent=239341"}],"wp:term":[{"taxonomy":"category","embeddable":true,"href":"https:\/\/corrientesdetarde.com\/index.php\/wp-json\/wp\/v2\/categories?post=239341"},{"taxonomy":"post_tag","embeddable":true,"href":"https:\/\/corrientesdetarde.com\/index.php\/wp-json\/wp\/v2\/tags?post=239341"}],"curies":[{"name":"wp","href":"https:\/\/api.w.org\/{rel}","templated":true}]}}