{"id":239344,"date":"2025-12-11T12:49:08","date_gmt":"2025-12-11T15:49:08","guid":{"rendered":"https:\/\/corrientesdetarde.com\/?p=239344"},"modified":"2025-12-11T12:49:14","modified_gmt":"2025-12-11T15:49:14","slug":"eduardo-tassano-confio-en-la-coordinacion-entre-los-poderes-del-estado","status":"publish","type":"post","link":"https:\/\/corrientesdetarde.com\/index.php\/actualidad\/eduardo-tassano-confio-en-la-coordinacion-entre-los-poderes-del-estado\/","title":{"rendered":"Eduardo Tassano: conf\u00edo en la coordinaci\u00f3n entre los\u00a0poderes del Estado"},"content":{"rendered":"\n<p>El exintendente conf\u00eda en la coordinaci\u00f3n entre los\u00a0poderes del Estado tras la asunci\u00f3n de Juan Pablo Vald\u00e9s.<\/p>\n\n\n\n<p>Tras la jura del gobernador<strong>&nbsp;Juan Pablo Vald\u00e9s<\/strong>, el presidente de la C\u00e1mara de Diputados de&nbsp;<strong>Corrientes y exintendente<\/strong>, Eduardo Tassano, afirm\u00f3 su confianza en que la coordinaci\u00f3n entre los poderes del Estado contribuir\u00e1 al crecimiento sostenido de la provincia y de sus habitantes.<\/p>\n\n\n\n<p>\u201cLe deseo una gesti\u00f3n fecunda, de di\u00e1logos y consensos, fortaleciendo la democracia y sus instituciones\u201d, se\u00f1al\u00f3 Tassano. Adem\u00e1s, asegur\u00f3 que la&nbsp;<strong>C\u00e1mara de Diputados<\/strong>&nbsp;asumir\u00e1 la responsabilidad de acompa\u00f1ar y apoyar las&nbsp;<strong>iniciativas que beneficien a los correntinos.<\/strong><\/p>\n\n\n\n<p>El titular de la c\u00e1mara baja sostuvo que \u201cel gran desaf\u00edo que nos espera a todos es trabajar con responsabilidad y esp\u00edritu colaborativo\u201d.<\/p>\n\n\n\n<p>Tassano tambi\u00e9n manifest\u00f3 sus buenos deseos para los funcionarios del nuevo&nbsp;<strong>Poder Ejecutivo&nbsp;<\/strong>provincial, ya que destac\u00f3 la formaci\u00f3n de un equipo que, seg\u00fan \u00e9l, integrar\u00e1 una gesti\u00f3n eficaz.<\/p>\n\n\n\n<p><a href=\"https:\/\/www.ellitoral.com.ar\/actualidad\/2025-12-10-23-44-0-con-respaldo-popular-y-poder-politico-juan-pablo-valdes-juro-como-gobernador\"><\/a><\/p>\n","protected":false},"excerpt":{"rendered":"<p>El exintendente conf\u00eda en la coordinaci\u00f3n entre los\u00a0poderes del Estado tras la asunci\u00f3n de Juan Pablo Vald\u00e9s. Tras la jura del gobernador&nbsp;Juan Pablo Vald\u00e9s, el presidente de la C\u00e1mara de&hellip; <\/p>\n","protected":false},"author":8,"featured_media":239345,"comment_status":"closed","ping_status":"open","sticky":false,"template":"","format":"standard","meta":{"footnotes":""},"categories":[23],"tags":[],"class_list":["post-239344","post","type-post","status-publish","format-standard","has-post-thumbnail","hentry","category-actualidad"],"_links":{"self":[{"href":"https:\/\/corrientesdetarde.com\/index.php\/wp-json\/wp\/v2\/posts\/239344","targetHints":{"allow":["GET"]}}],"collection":[{"href":"https:\/\/corrientesdetarde.com\/index.php\/wp-json\/wp\/v2\/posts"}],"about":[{"href":"https:\/\/corrientesdetarde.com\/index.php\/wp-json\/wp\/v2\/types\/post"}],"author":[{"embeddable":true,"href":"https:\/\/corrientesdetarde.com\/index.php\/wp-json\/wp\/v2\/users\/8"}],"replies":[{"embeddable":true,"href":"https:\/\/corrientesdetarde.com\/index.php\/wp-json\/wp\/v2\/comments?post=239344"}],"version-history":[{"count":1,"href":"https:\/\/corrientesdetarde.com\/index.php\/wp-json\/wp\/v2\/posts\/239344\/revisions"}],"predecessor-version":[{"id":239346,"href":"https:\/\/corrientesdetarde.com\/index.php\/wp-json\/wp\/v2\/posts\/239344\/revisions\/239346"}],"wp:featuredmedia":[{"embeddable":true,"href":"https:\/\/corrientesdetarde.com\/index.php\/wp-json\/wp\/v2\/media\/239345"}],"wp:attachment":[{"href":"https:\/\/corrientesdetarde.com\/index.php\/wp-json\/wp\/v2\/media?parent=239344"}],"wp:term":[{"taxonomy":"category","embeddable":true,"href":"https:\/\/corrientesdetarde.com\/index.php\/wp-json\/wp\/v2\/categories?post=239344"},{"taxonomy":"post_tag","embeddable":true,"href":"https:\/\/corrientesdetarde.com\/index.php\/wp-json\/wp\/v2\/tags?post=239344"}],"curies":[{"name":"wp","href":"https:\/\/api.w.org\/{rel}","templated":true}]}}