{"id":239347,"date":"2025-12-11T12:51:40","date_gmt":"2025-12-11T15:51:40","guid":{"rendered":"https:\/\/corrientesdetarde.com\/?p=239347"},"modified":"2025-12-11T12:51:52","modified_gmt":"2025-12-11T15:51:52","slug":"un-empresario-expuso-en-la-causa-cuadernos-los-aprietes-que-sufrio-durante-el-kirchnerismo","status":"publish","type":"post","link":"https:\/\/corrientesdetarde.com\/index.php\/politica\/un-empresario-expuso-en-la-causa-cuadernos-los-aprietes-que-sufrio-durante-el-kirchnerismo\/","title":{"rendered":"Un empresario expuso en la causa Cuadernos los aprietes que sufri\u00f3 durante el kirchnerismo"},"content":{"rendered":"\n<p>En esa nueva audiencia, ante el TOF 7, se detalla c\u00f3mo fue la cartelizaci\u00f3n de la obra p\u00fablica a trav\u00e9s de la C\u00e1mara Argentina de Empresas Viales.<\/p>\n\n\n\n<p>Este jueves contin\u00faa la\u00a0<strong>novena audiencia de la causa Cuadernos<\/strong>\u00a0con la lectura de la acusaci\u00f3n por las presuntas irregularidades detectadas en la asignaci\u00f3n de contratos para obras civiles viales, vinculadas a la\u00a0<strong>C\u00e1mara Argentina de Empresas Viales<\/strong>.<\/p>\n\n\n\n<p>En este contexto, ante el&nbsp;<strong>Tribunal Oral Federal 7<\/strong>, se detall\u00f3 el testimonio de Aldo Roggio, un empresario imputado colaborador, quien asegur\u00f3 que sufri\u00f3 aprietes durante el kirchnerismo:&nbsp;<strong>\u201cDe Vido, en alguna oportunidad, me dijo \u2018no se puede hacer pol\u00edtica sin plata\u2019\u201d,<\/strong>&nbsp;precis\u00f3.<\/p>\n\n\n\n<p>\u201cTengo referencia tambi\u00e9n que en materia de obras viales existi\u00f3 un sistema, del que no particip\u00e9, fui informado que el gobierno nacional impulsar\u00eda un importante plan de obras p\u00fablicas, privilegiando su ejecuci\u00f3n por sobre el precio de las mismas, debiendo las empresas contribuir con las necesidades pol\u00edticas de orden econ\u00f3mico\u201d, fueron sus primeras declaraciones sobre la causa.<\/p>\n\n\n\n<p>Tras ello, se\u00f1al\u00f3 que el exministro de Obras P\u00fablicas le manifest\u00f3 que \u201cno se puede hacer pol\u00edtica sin plata\u201d y aclar\u00f3 que no particip\u00f3 de \u201cesta propuesta\u201d y, por eso, lo \u201cralearon\u201d.<\/p>\n\n\n\n<p>\u201cLicitamos obras y algunas pocas hemos ganado por precio en libre competencia. En la ejecuci\u00f3n de esas obras sentimos el rigor de no haber aceptado las condiciones se\u00f1aladas, habi\u00e9ndosenos demorado por plazos extensos el pago de certificados, redeterminaci\u00f3n de precios, nunca nos pagaron los intereses que manda la ley, etc., oblig\u00e1ndonos a tener reconocimientos monetarios para la pol\u00edtica para sortear estas dificultades, los ejecutores de este apriete fueron De Vido, L\u00f3pez, Baratta, Uberti, habiendo cada uno y en distintas oportunidades exigidos esos aportes como forma de superar estos problemas\u201d, agreg\u00f3.<\/p>\n\n\n\n<p>Adem\u00e1s, especific\u00f3 que estos aportes \u201cen realidad no representaban un porcentaje determinado de la obra en cuesti\u00f3n, sino que nos eran exigidos puntualmente\u201d. \u201cLa persona que recib\u00eda estos pagos era Clarens, habiendo dispuesto estos pagos cuando la situaci\u00f3n financiera de las obras se volv\u00eda insostenible. Sin poder precisarlo, aproximadamente, las entregas de dinero fueron del orden de 100.000 d\u00f3lares por vez, o su equivalente en pesos, estimando que todos ellos no habr\u00edan superado la suma de 3.000.000 de d\u00f3lares\u201d.<\/p>\n","protected":false},"excerpt":{"rendered":"<p>En esa nueva audiencia, ante el TOF 7, se detalla c\u00f3mo fue la cartelizaci\u00f3n de la obra p\u00fablica a trav\u00e9s de la C\u00e1mara Argentina de Empresas Viales. Este jueves contin\u00faa&hellip; <\/p>\n","protected":false},"author":8,"featured_media":239348,"comment_status":"closed","ping_status":"open","sticky":false,"template":"","format":"standard","meta":{"footnotes":""},"categories":[3],"tags":[],"class_list":["post-239347","post","type-post","status-publish","format-standard","has-post-thumbnail","hentry","category-politica"],"_links":{"self":[{"href":"https:\/\/corrientesdetarde.com\/index.php\/wp-json\/wp\/v2\/posts\/239347","targetHints":{"allow":["GET"]}}],"collection":[{"href":"https:\/\/corrientesdetarde.com\/index.php\/wp-json\/wp\/v2\/posts"}],"about":[{"href":"https:\/\/corrientesdetarde.com\/index.php\/wp-json\/wp\/v2\/types\/post"}],"author":[{"embeddable":true,"href":"https:\/\/corrientesdetarde.com\/index.php\/wp-json\/wp\/v2\/users\/8"}],"replies":[{"embeddable":true,"href":"https:\/\/corrientesdetarde.com\/index.php\/wp-json\/wp\/v2\/comments?post=239347"}],"version-history":[{"count":1,"href":"https:\/\/corrientesdetarde.com\/index.php\/wp-json\/wp\/v2\/posts\/239347\/revisions"}],"predecessor-version":[{"id":239349,"href":"https:\/\/corrientesdetarde.com\/index.php\/wp-json\/wp\/v2\/posts\/239347\/revisions\/239349"}],"wp:featuredmedia":[{"embeddable":true,"href":"https:\/\/corrientesdetarde.com\/index.php\/wp-json\/wp\/v2\/media\/239348"}],"wp:attachment":[{"href":"https:\/\/corrientesdetarde.com\/index.php\/wp-json\/wp\/v2\/media?parent=239347"}],"wp:term":[{"taxonomy":"category","embeddable":true,"href":"https:\/\/corrientesdetarde.com\/index.php\/wp-json\/wp\/v2\/categories?post=239347"},{"taxonomy":"post_tag","embeddable":true,"href":"https:\/\/corrientesdetarde.com\/index.php\/wp-json\/wp\/v2\/tags?post=239347"}],"curies":[{"name":"wp","href":"https:\/\/api.w.org\/{rel}","templated":true}]}}