{"id":239350,"date":"2025-12-11T13:45:39","date_gmt":"2025-12-11T16:45:39","guid":{"rendered":"https:\/\/corrientesdetarde.com\/?p=239350"},"modified":"2025-12-11T13:45:51","modified_gmt":"2025-12-11T16:45:51","slug":"charla-disenar-la-mejor-publicidad-del-mundobraillard-poccard-recibio-al-lic-jose-daniel-nasta","status":"publish","type":"post","link":"https:\/\/corrientesdetarde.com\/index.php\/actualidad\/charla-disenar-la-mejor-publicidad-del-mundobraillard-poccard-recibio-al-lic-jose-daniel-nasta\/","title":{"rendered":"CHARLA \u201cDISE\u00d1AR LA MEJOR PUBLICIDAD DEL MUNDO\u201dBraillard Poccard recibi\u00f3 al Lic. Jos\u00e9 Daniel Nasta"},"content":{"rendered":"\n<p>El vicegobernador Pedro Braillard Poccard recibi\u00f3 este jueves por la ma\u00f1ana, en el Sal\u00f3n de Acuerdos de la C\u00e1mara de Senadores, al Licenciado Jos\u00e9 Daniel Nasta, quien visit\u00f3 la provincia en el marco de la charla \u201cDise\u00f1ar la Mejor Publicidad del Mundo\u201d, donde ser\u00e1 el principal disertante. Durante el encuentro se dialog\u00f3 sobre los nuevos desaf\u00edos y enfoques estrat\u00e9gicos en materia de comunicaci\u00f3n y publicidad.<\/p>\n\n\n\n<p>En el transcurso de la visita protocolar, el Lic. Nasta obsequi\u00f3 al Vicegobernador su m\u00e1s reciente publicaci\u00f3n, \u201cPeque\u00f1as historias que hacen grande la vida\u201d, un libro que recopila an\u00e9cdotas personales y relatos vividos durante sus recorridos por diversos pa\u00edses del mundo. La obra aborda experiencias que van desde lo \u00edntimo a lo universal, destacando valores esenciales como la amistad y la plenitud personal. Asimismo, el autor se comprometi\u00f3 a realizar una donaci\u00f3n adicional destinada a la Biblioteca de la Legislatura.<\/p>\n\n\n\n<p>Acompa\u00f1aron el encuentro Anal\u00eda Tayar directora de Deitec, V\u00edctor Laenge de la Direcci\u00f3n de emprenderores, Gonzalo Mecca coordinador de Senado joven y Norma Bouloc, mentora en Relaciones P\u00fablicas.<\/p>\n\n\n\n<p>Pr\u00f3xima conferencia<\/p>\n\n\n\n<p>La charla \u201cDise\u00f1ar la Mejor Publicidad del Mundo\u201d se llevar\u00e1 a cabo el 12 de diciembre, de 18 a 20 horas, en la sede del Consejo Profesional de Ingenier\u00eda, Arquitectura y Agrimensura (La Rioja 1240). El encuentro contar\u00e1 con la participaci\u00f3n de oradores de reconocimiento regional e internacional, quienes compartir\u00e1n tendencias, estrategias y experiencias vinculadas al \u00e1mbito de la comunicaci\u00f3n y la creatividad.<\/p>\n\n\n\n<p>Ser\u00e1 una oportunidad para inspirarse, ampliar perspectivas profesionales y fortalecer v\u00ednculos con referentes del sector mediante una mesa de intercambio.<\/p>\n\n\n\n<p>El evento est\u00e1 organizado por la Direcci\u00f3n de Emprendedores (Deitec), Senado Joven y la C\u00e1mara de Senadores de la Provincia.<\/p>\n\n\n\n<p>Sobre el disertante<\/p>\n\n\n\n<p>Jos\u00e9 Daniel Nasta es Licenciado en Relaciones P\u00fablicas, presidente de la Fundaci\u00f3n TEXO y titular del holding de la principal empresa publicitaria de Paraguay. A lo largo de su trayectoria ha dictado conferencias en los cinco continentes, consolid\u00e1ndose como una figura destacada en el \u00e1mbito de la comunicaci\u00f3n estrat\u00e9gica.<\/p>\n\n\n\n<p>Tambi\u00e9n participar\u00e1n como oradores Lisandro Enciso Piazza, de la empresa Santa Ana y Pablo Boue de Alucinna.<\/p>\n\n\n\n<figure class=\"wp-block-image size-large\"><img loading=\"lazy\" decoding=\"async\" width=\"1024\" height=\"683\" src=\"https:\/\/corrientesdetarde.com\/wp-content\/uploads\/2025\/12\/WhatsApp-Image-2025-12-11-at-13.02.40-1024x683.jpeg\" alt=\"\" class=\"wp-image-239353\" srcset=\"https:\/\/corrientesdetarde.com\/wp-content\/uploads\/2025\/12\/WhatsApp-Image-2025-12-11-at-13.02.40-1024x683.jpeg 1024w, https:\/\/corrientesdetarde.com\/wp-content\/uploads\/2025\/12\/WhatsApp-Image-2025-12-11-at-13.02.40-300x200.jpeg 300w, https:\/\/corrientesdetarde.com\/wp-content\/uploads\/2025\/12\/WhatsApp-Image-2025-12-11-at-13.02.40-768x512.jpeg 768w, https:\/\/corrientesdetarde.com\/wp-content\/uploads\/2025\/12\/WhatsApp-Image-2025-12-11-at-13.02.40-1536x1024.jpeg 1536w, https:\/\/corrientesdetarde.com\/wp-content\/uploads\/2025\/12\/WhatsApp-Image-2025-12-11-at-13.02.40.jpeg 1599w\" sizes=\"auto, (max-width: 1024px) 100vw, 1024px\" \/><\/figure>\n\n\n\n<figure class=\"wp-block-image size-large\"><img loading=\"lazy\" decoding=\"async\" width=\"1024\" height=\"683\" src=\"https:\/\/corrientesdetarde.com\/wp-content\/uploads\/2025\/12\/WhatsApp-Image-2025-12-11-at-13.02.39-1-1024x683.jpeg\" alt=\"\" class=\"wp-image-239354\" srcset=\"https:\/\/corrientesdetarde.com\/wp-content\/uploads\/2025\/12\/WhatsApp-Image-2025-12-11-at-13.02.39-1-1024x683.jpeg 1024w, https:\/\/corrientesdetarde.com\/wp-content\/uploads\/2025\/12\/WhatsApp-Image-2025-12-11-at-13.02.39-1-300x200.jpeg 300w, https:\/\/corrientesdetarde.com\/wp-content\/uploads\/2025\/12\/WhatsApp-Image-2025-12-11-at-13.02.39-1-768x512.jpeg 768w, https:\/\/corrientesdetarde.com\/wp-content\/uploads\/2025\/12\/WhatsApp-Image-2025-12-11-at-13.02.39-1-1536x1024.jpeg 1536w, https:\/\/corrientesdetarde.com\/wp-content\/uploads\/2025\/12\/WhatsApp-Image-2025-12-11-at-13.02.39-1.jpeg 1599w\" sizes=\"auto, (max-width: 1024px) 100vw, 1024px\" \/><\/figure>\n\n\n\n<figure class=\"wp-block-image size-large\"><img loading=\"lazy\" decoding=\"async\" width=\"576\" height=\"1024\" src=\"https:\/\/corrientesdetarde.com\/wp-content\/uploads\/2025\/12\/WhatsApp-Image-2025-12-11-at-13.02.39-576x1024.jpeg\" alt=\"\" class=\"wp-image-239352\" srcset=\"https:\/\/corrientesdetarde.com\/wp-content\/uploads\/2025\/12\/WhatsApp-Image-2025-12-11-at-13.02.39-576x1024.jpeg 576w, https:\/\/corrientesdetarde.com\/wp-content\/uploads\/2025\/12\/WhatsApp-Image-2025-12-11-at-13.02.39-169x300.jpeg 169w, https:\/\/corrientesdetarde.com\/wp-content\/uploads\/2025\/12\/WhatsApp-Image-2025-12-11-at-13.02.39-768x1366.jpeg 768w, https:\/\/corrientesdetarde.com\/wp-content\/uploads\/2025\/12\/WhatsApp-Image-2025-12-11-at-13.02.39-864x1536.jpeg 864w, https:\/\/corrientesdetarde.com\/wp-content\/uploads\/2025\/12\/WhatsApp-Image-2025-12-11-at-13.02.39.jpeg 899w\" sizes=\"auto, (max-width: 576px) 100vw, 576px\" \/><\/figure>\n\n\n\n<figure class=\"wp-block-image size-large\"><img loading=\"lazy\" decoding=\"async\" width=\"1024\" height=\"683\" src=\"https:\/\/corrientesdetarde.com\/wp-content\/uploads\/2025\/12\/WhatsApp-Image-2025-12-11-at-13.02.40-1-1024x683.jpeg\" alt=\"\" class=\"wp-image-239351\" srcset=\"https:\/\/corrientesdetarde.com\/wp-content\/uploads\/2025\/12\/WhatsApp-Image-2025-12-11-at-13.02.40-1-1024x683.jpeg 1024w, https:\/\/corrientesdetarde.com\/wp-content\/uploads\/2025\/12\/WhatsApp-Image-2025-12-11-at-13.02.40-1-300x200.jpeg 300w, https:\/\/corrientesdetarde.com\/wp-content\/uploads\/2025\/12\/WhatsApp-Image-2025-12-11-at-13.02.40-1-768x512.jpeg 768w, https:\/\/corrientesdetarde.com\/wp-content\/uploads\/2025\/12\/WhatsApp-Image-2025-12-11-at-13.02.40-1-1536x1024.jpeg 1536w, https:\/\/corrientesdetarde.com\/wp-content\/uploads\/2025\/12\/WhatsApp-Image-2025-12-11-at-13.02.40-1.jpeg 1599w\" sizes=\"auto, (max-width: 1024px) 100vw, 1024px\" \/><\/figure>\n","protected":false},"excerpt":{"rendered":"<p>El vicegobernador Pedro Braillard Poccard recibi\u00f3 este jueves por la ma\u00f1ana, en el Sal\u00f3n de Acuerdos de la C\u00e1mara de Senadores, al Licenciado Jos\u00e9 Daniel Nasta, quien visit\u00f3 la provincia&hellip; <\/p>\n","protected":false},"author":8,"featured_media":239351,"comment_status":"closed","ping_status":"open","sticky":false,"template":"","format":"standard","meta":{"footnotes":""},"categories":[23],"tags":[],"class_list":["post-239350","post","type-post","status-publish","format-standard","has-post-thumbnail","hentry","category-actualidad"],"_links":{"self":[{"href":"https:\/\/corrientesdetarde.com\/index.php\/wp-json\/wp\/v2\/posts\/239350","targetHints":{"allow":["GET"]}}],"collection":[{"href":"https:\/\/corrientesdetarde.com\/index.php\/wp-json\/wp\/v2\/posts"}],"about":[{"href":"https:\/\/corrientesdetarde.com\/index.php\/wp-json\/wp\/v2\/types\/post"}],"author":[{"embeddable":true,"href":"https:\/\/corrientesdetarde.com\/index.php\/wp-json\/wp\/v2\/users\/8"}],"replies":[{"embeddable":true,"href":"https:\/\/corrientesdetarde.com\/index.php\/wp-json\/wp\/v2\/comments?post=239350"}],"version-history":[{"count":1,"href":"https:\/\/corrientesdetarde.com\/index.php\/wp-json\/wp\/v2\/posts\/239350\/revisions"}],"predecessor-version":[{"id":239355,"href":"https:\/\/corrientesdetarde.com\/index.php\/wp-json\/wp\/v2\/posts\/239350\/revisions\/239355"}],"wp:featuredmedia":[{"embeddable":true,"href":"https:\/\/corrientesdetarde.com\/index.php\/wp-json\/wp\/v2\/media\/239351"}],"wp:attachment":[{"href":"https:\/\/corrientesdetarde.com\/index.php\/wp-json\/wp\/v2\/media?parent=239350"}],"wp:term":[{"taxonomy":"category","embeddable":true,"href":"https:\/\/corrientesdetarde.com\/index.php\/wp-json\/wp\/v2\/categories?post=239350"},{"taxonomy":"post_tag","embeddable":true,"href":"https:\/\/corrientesdetarde.com\/index.php\/wp-json\/wp\/v2\/tags?post=239350"}],"curies":[{"name":"wp","href":"https:\/\/api.w.org\/{rel}","templated":true}]}}