{"id":239432,"date":"2025-12-11T22:22:51","date_gmt":"2025-12-12T01:22:51","guid":{"rendered":"https:\/\/corrientesdetarde.com\/?p=239432"},"modified":"2025-12-11T22:22:56","modified_gmt":"2025-12-12T01:22:56","slug":"abren-la-inscripcion-para-la-escuela-de-la-policia-de-corrientes","status":"publish","type":"post","link":"https:\/\/corrientesdetarde.com\/index.php\/destacados\/abren-la-inscripcion-para-la-escuela-de-la-policia-de-corrientes\/","title":{"rendered":"Abren la inscripci\u00f3n para la Escuela de la Polic\u00eda de Corrientes"},"content":{"rendered":"\n<p>El llamado es para la &#8220;16\u00b0 Promoci\u00f3n de T\u00e9cnico Superior en Seguridad P\u00fablica y Ciudadana \u2013 LVII de Oficiales de Polic\u00eda&#8221;.<\/p>\n\n\n\n<p>La carrera, que tendr\u00e1 una duraci\u00f3n de cuatro a\u00f1os, se dictar\u00e1 en la Divisi\u00f3n Escuela de Polic\u00eda &#8220;Gral. Jos\u00e9 Francisco de San Mart\u00edn&#8221;, dependiente del Instituto Superior de Formaci\u00f3n Policial.&nbsp; Fechas y documentaci\u00f3n:<\/p>\n\n\n\n<p>La convocatoria para la presentaci\u00f3n de postulantes est\u00e1 abierta a partir de este jueves y se extender\u00e1 hasta el pr\u00f3ximo 30 de diciembre.<br>La documentaci\u00f3n requerida, que incluye la Cartilla de Inscripci\u00f3n y la Declaraci\u00f3n Jurada, se puede obtener de dos maneras:<\/p>\n\n\n\n<p>\ufe0fMediante un c\u00f3digo QR.<\/p>\n\n\n\n<p>Ingresando al siguiente enlace de Google Drive: https:\/\/drive.google.com\/&#8230;\/1ZzL6FULe1s5JKjuO2&#8230;<\/p>\n\n\n\n<p>Para cualquier consulta adicional sobre el proceso de inscripci\u00f3n o la carrera, los interesados pueden comunicarse al<\/p>\n\n\n\n<p>tel\u00e9fono 379-4501497.<\/p>\n\n\n\n<p><strong>&nbsp; Los requisitos:<\/strong><\/p>\n\n\n\n<p>a) Ser argentino\/a nativo o por opci\u00f3n.<\/p>\n\n\n\n<p>b) Tener 17 a\u00f1os como m\u00ednimo y no superando al 30 de junio del a\u00f1o 2026 los 25 a\u00f1os.<br>varones y 23 a\u00f1os mujeres.<\/p>\n\n\n\n<p>c) Ser soltero\/a sin hijos.<\/p>\n\n\n\n<p>d) Los menores de 18 a\u00f1os de edad, deber\u00e1n presentar consentimiento escrito de los padres o personas que legalmente reemplace. (Acta rubricada por Juez de Paz o Escribano),<\/p>\n\n\n\n<p>e) Haber culminado el Nivel Secundario Completo.<\/p>\n\n\n\n<p>f) No adeudar materias al momento de inscripci\u00f3n.<\/p>\n\n\n\n<p>g) Poseer aptitudes de moralidad y buenas costumbres. Ineludible.<\/p>\n\n\n\n<p>h) Tener salud y aptitud psicof\u00edsica para realizar actividades de alto rendimiento. No padecer enfermedades cr\u00f3nicas, infectocontagiosas, determinadas como inhabilitantes. No hallarse lesionado o disminuido en su salud y capacidad f\u00edsica motriz.<\/p>\n\n\n\n<p>i) Responder al perfil que la instituci\u00f3n policial fija para el ingresante.<\/p>\n\n\n\n<p>j) Tener estatura no menor de 1,65 m. (masculino) y 1,60 m. (femenino).<\/p>\n\n\n\n<p>k) Poseer un peso proporcional a la estatura y edad, con. un IMC no superior a 28 ni inferior a 17 y Per\u00edmetro Abdominal 102 cm m\u00e1ximo para hombres y 88 cm. m\u00e1ximo para las mujeres<\/p>\n\n\n\n<p>l) No poseer tatuajes en lugares visibles. (miembros inferiores, superiores, rostro, cuello)<\/p>\n\n\n\n<p>m) Someterse y resultar apto en el examen m\u00e9dico de ingreso; someterse y aprobar las pruebas de exigencias f\u00edsicas y aprobar el examen intelectual de ingreso de historia, geograf\u00eda de Corrientes, formaci\u00f3n \u00e9tica y ciudadana, y lengua.<\/p>\n\n\n\n<p>n) No registrar antecedentes judiciales ni policiales desfavorables, no estar imputado y\/o procesado por delitos dolosos de competencia provincial o federal, hasta que obtenga indefectiblemente el sobreseimiento definitivo, con la salvedad de que el proceso no afecte su buen nombre y honor.<\/p>\n\n\n\n<p>o) No encontrarse en estado de gravidez (embarazo) al momento del proceso de admisi\u00f3n y\/o ingreso.<\/p>\n\n\n\n<p>p) El Personal Policial podr\u00e1 acceder a la inscripci\u00f3n como aspirante debiendo presentar (ante la autoridad correspondiente) un escrito por el cual renuncia al cargo que ostenta en caso de ser seleccionado e incorporado al Instituto Superior de Formaci\u00f3n Policial. La edad se ajustara al inciso b).<\/p>\n\n\n\n<p>q) Contratar una cobertura de seguro de vida y de accidentes en cualquiera de las compa\u00f1\u00edas<br>aseguradoras de plaza en caso de ingresar y sepelio.<\/p>\n","protected":false},"excerpt":{"rendered":"<p>El llamado es para la &#8220;16\u00b0 Promoci\u00f3n de T\u00e9cnico Superior en Seguridad P\u00fablica y Ciudadana \u2013 LVII de Oficiales de Polic\u00eda&#8221;. La carrera, que tendr\u00e1 una duraci\u00f3n de cuatro a\u00f1os,&hellip; <\/p>\n","protected":false},"author":4,"featured_media":239433,"comment_status":"closed","ping_status":"open","sticky":false,"template":"","format":"standard","meta":{"footnotes":""},"categories":[26],"tags":[],"class_list":["post-239432","post","type-post","status-publish","format-standard","has-post-thumbnail","hentry","category-destacados"],"_links":{"self":[{"href":"https:\/\/corrientesdetarde.com\/index.php\/wp-json\/wp\/v2\/posts\/239432","targetHints":{"allow":["GET"]}}],"collection":[{"href":"https:\/\/corrientesdetarde.com\/index.php\/wp-json\/wp\/v2\/posts"}],"about":[{"href":"https:\/\/corrientesdetarde.com\/index.php\/wp-json\/wp\/v2\/types\/post"}],"author":[{"embeddable":true,"href":"https:\/\/corrientesdetarde.com\/index.php\/wp-json\/wp\/v2\/users\/4"}],"replies":[{"embeddable":true,"href":"https:\/\/corrientesdetarde.com\/index.php\/wp-json\/wp\/v2\/comments?post=239432"}],"version-history":[{"count":1,"href":"https:\/\/corrientesdetarde.com\/index.php\/wp-json\/wp\/v2\/posts\/239432\/revisions"}],"predecessor-version":[{"id":239434,"href":"https:\/\/corrientesdetarde.com\/index.php\/wp-json\/wp\/v2\/posts\/239432\/revisions\/239434"}],"wp:featuredmedia":[{"embeddable":true,"href":"https:\/\/corrientesdetarde.com\/index.php\/wp-json\/wp\/v2\/media\/239433"}],"wp:attachment":[{"href":"https:\/\/corrientesdetarde.com\/index.php\/wp-json\/wp\/v2\/media?parent=239432"}],"wp:term":[{"taxonomy":"category","embeddable":true,"href":"https:\/\/corrientesdetarde.com\/index.php\/wp-json\/wp\/v2\/categories?post=239432"},{"taxonomy":"post_tag","embeddable":true,"href":"https:\/\/corrientesdetarde.com\/index.php\/wp-json\/wp\/v2\/tags?post=239432"}],"curies":[{"name":"wp","href":"https:\/\/api.w.org\/{rel}","templated":true}]}}