{"id":239438,"date":"2025-12-12T01:10:21","date_gmt":"2025-12-12T04:10:21","guid":{"rendered":"https:\/\/corrientesdetarde.com\/?p=239438"},"modified":"2025-12-12T01:10:52","modified_gmt":"2025-12-12T04:10:52","slug":"por-primera-vez-en-110-anos-volvieron-los-guanacos-a-el-impenetrable","status":"publish","type":"post","link":"https:\/\/corrientesdetarde.com\/index.php\/destacados\/por-primera-vez-en-110-anos-volvieron-los-guanacos-a-el-impenetrable\/","title":{"rendered":"Por primera vez en 110 a\u00f1os volvieron los guanacos a El Impenetrable"},"content":{"rendered":"\n<p>Rewilding y Parques Nacionales llev\u00f3 guanacos nacidos en Santa Cruz a El Impenetrable, donde la especie hab\u00eda desaparecido por m\u00e1s de un siglo.<\/p>\n\n\n\n<p>Despu\u00e9s de 110 a\u00f1os sin presencia registrada, los guanacos volvieron a pisar los suelos del Parque Nacional El Impenetrable. El retorno de estos herb\u00edvoros emblem\u00e1ticos marca un hito en la restauraci\u00f3n ecol\u00f3gica del Chaco Seco y corona uno de los operativos de translocaci\u00f3n m\u00e1s ambiciosos de la conservaci\u00f3n argentina.<br><br>Los animales, nacidos en Santa Cruz, recorrieron m\u00e1s de 3.200 kil\u00f3metros hasta su nuevo destino, en una maniobra coordinada por Rewilding Argentina, la Administraci\u00f3n de Parques Nacionales y autoridades provinciales.<\/p>\n\n\n\n<p>El traslado implic\u00f3 un dispositivo log\u00edstico de escala in\u00e9dita: desde la captura en el Parque Patagonia y el dise\u00f1o de tr\u00e1ilers especiales para transportar grupos completos, hasta la instalaci\u00f3n de corrales que facilitaron una adaptaci\u00f3n progresiva al nuevo ambiente. Seg\u00fan los organizadores, se trat\u00f3 del movimiento de fauna terrestre para conservaci\u00f3n m\u00e1s extenso del mundo, realizado bajo estrictos protocolos de bienestar animal.<\/p>\n\n\n\n<p><strong>Reintroducci\u00f3n de los guanacos<\/strong><br>La reintroducci\u00f3n no solo reincorpora una pieza clave de la fauna chaque\u00f1a, sino que busca restaurar procesos naturales alterados durante d\u00e9cadas por la desaparici\u00f3n de grandes herb\u00edvoros. Para las comunidades locales, la presencia del guanaco tambi\u00e9n reaviva v\u00ednculos culturales profundos. En el territorio qom se lo conoce como Nawananga, los wich\u00eds lo nombran Lu\u2019h\u00fct y los guaran\u00edes Guasukaka, testimonio de un animal que fue abundante antes del avance ganadero, los desmontes y la caza intensiva.<br><br>La desaparici\u00f3n del guanaco en el Chaco se remonta a principios del siglo XX, cuando la modificaci\u00f3n del paisaje y el uso del fuego transformaron por completo los pastizales. Hoy la situaci\u00f3n regional es cr\u00edtica: sobreviven apenas unos cien ejemplares en zonas lim\u00edtrofes de Paraguay y Bolivia, mientras que el sector argentino permanec\u00eda sin registros desde hace m\u00e1s de un siglo.<br>&nbsp;<br>En su \u00e1rea de origen, el Parque Patagonia, Rewilding Argentina y la Fundaci\u00f3n Freyja mantienen programas de monitoreo gen\u00e9tico que permitieron seleccionar a los animales m\u00e1s aptos para iniciar el repoblamiento chaque\u00f1o. Las experiencias previas en La Pampa \u2014donde ya se hab\u00edan enviado guanacos en a\u00f1os anteriores\u2014 aportaron aprendizajes que fueron claves para este operativo de mayor escala.<\/p>\n\n\n\n<p><strong>Presuelta de los ejemplares<\/strong><br>Una vez en El Impenetrable, los animales permanecieron un tiempo en un sector de presuelta, para ajustar su dieta y reducir el estr\u00e9s del traslado. Durante este per\u00edodo nacieron las primeras cr\u00edas en territorio chaque\u00f1o, se\u00f1al que confirma la capacidad de arraigo y adaptaci\u00f3n de la especie en su nuevo entorno.<\/p>\n\n\n\n<p>La defaunaci\u00f3n hist\u00f3rica del parque no afect\u00f3 solo al guanaco: tambi\u00e9n desaparecieron otros grandes herb\u00edvoros como el venado de las pampas y el ciervo de los pantanos. Su ausencia deterior\u00f3 procesos fundamentales, desde el control natural de la vegetaci\u00f3n hasta la dispersi\u00f3n de semillas y el abastecimiento de alimento para depredadores y carro\u00f1eros.<\/p>\n\n\n\n<p>El proyecto cuenta con el respaldo de Parques Nacionales, del gobierno chaque\u00f1o y de las comunidades originarias, que ven en la reintroducci\u00f3n una oportunidad para potenciar el turismo de naturaleza. El avistaje de fauna gana espacio como motor econ\u00f3mico regional y las nuevas poblaciones de guanacos se perfilan como un atractivo central.<\/p>\n","protected":false},"excerpt":{"rendered":"<p>Rewilding y Parques Nacionales llev\u00f3 guanacos nacidos en Santa Cruz a El Impenetrable, donde la especie hab\u00eda desaparecido por m\u00e1s de un siglo. Despu\u00e9s de 110 a\u00f1os sin presencia registrada,&hellip; <\/p>\n","protected":false},"author":4,"featured_media":239439,"comment_status":"closed","ping_status":"open","sticky":false,"template":"","format":"standard","meta":{"footnotes":""},"categories":[26],"tags":[],"class_list":["post-239438","post","type-post","status-publish","format-standard","has-post-thumbnail","hentry","category-destacados"],"_links":{"self":[{"href":"https:\/\/corrientesdetarde.com\/index.php\/wp-json\/wp\/v2\/posts\/239438","targetHints":{"allow":["GET"]}}],"collection":[{"href":"https:\/\/corrientesdetarde.com\/index.php\/wp-json\/wp\/v2\/posts"}],"about":[{"href":"https:\/\/corrientesdetarde.com\/index.php\/wp-json\/wp\/v2\/types\/post"}],"author":[{"embeddable":true,"href":"https:\/\/corrientesdetarde.com\/index.php\/wp-json\/wp\/v2\/users\/4"}],"replies":[{"embeddable":true,"href":"https:\/\/corrientesdetarde.com\/index.php\/wp-json\/wp\/v2\/comments?post=239438"}],"version-history":[{"count":1,"href":"https:\/\/corrientesdetarde.com\/index.php\/wp-json\/wp\/v2\/posts\/239438\/revisions"}],"predecessor-version":[{"id":239440,"href":"https:\/\/corrientesdetarde.com\/index.php\/wp-json\/wp\/v2\/posts\/239438\/revisions\/239440"}],"wp:featuredmedia":[{"embeddable":true,"href":"https:\/\/corrientesdetarde.com\/index.php\/wp-json\/wp\/v2\/media\/239439"}],"wp:attachment":[{"href":"https:\/\/corrientesdetarde.com\/index.php\/wp-json\/wp\/v2\/media?parent=239438"}],"wp:term":[{"taxonomy":"category","embeddable":true,"href":"https:\/\/corrientesdetarde.com\/index.php\/wp-json\/wp\/v2\/categories?post=239438"},{"taxonomy":"post_tag","embeddable":true,"href":"https:\/\/corrientesdetarde.com\/index.php\/wp-json\/wp\/v2\/tags?post=239438"}],"curies":[{"name":"wp","href":"https:\/\/api.w.org\/{rel}","templated":true}]}}