{"id":239442,"date":"2025-12-12T08:00:36","date_gmt":"2025-12-12T11:00:36","guid":{"rendered":"https:\/\/corrientesdetarde.com\/?p=239442"},"modified":"2025-12-12T08:07:09","modified_gmt":"2025-12-12T11:07:09","slug":"el-teatro-vera-abre-convocatoria-de-programacion-2026","status":"publish","type":"post","link":"https:\/\/corrientesdetarde.com\/index.php\/actualidad\/el-teatro-vera-abre-convocatoria-de-programacion-2026\/","title":{"rendered":"El teatro Vera abre convocatoria de programaci\u00f3n 2026"},"content":{"rendered":"\n<p>El Teatro Oficial Juan de Vera comunica que se encuentra abierta la convocatoria de programaci\u00f3n 2026 dirigida a compa\u00f1\u00edas de teatro, danza, m\u00fasica y productores de espect\u00e1culos locales, regionales y nacionales, interesados en integrar la grilla del coliseo correntino el a\u00f1o pr\u00f3ximo con inicio previsto para el mes de marzo.<\/p>\n\n\n\n<p>La convocatoria tiene como objetivo recepcionar propuestas art\u00edsticas orientadas a la danza, el teatro y espect\u00e1culos a fines de detectar la demanda de cada sector, para el dise\u00f1o de la programaci\u00f3n que formar\u00e1 parte de la temporada 2026 del Teatro Vera.<\/p>\n\n\n\n<p>Las personas, grupos, compa\u00f1\u00edas o estudios, academias y productoras culturales interesados deber\u00e1n enviar la propuesta art\u00edstica y CV a\u00a0agenda.artistica@teatrovera.com\u00a0con copia a agendateatrovera@gmail.com<\/p>\n\n\n\n<p> Ser\u00e1n recibidas hasta el viernes 20 de febrero de 2026.<\/p>\n","protected":false},"excerpt":{"rendered":"<p>El Teatro Oficial Juan de Vera comunica que se encuentra abierta la convocatoria de programaci\u00f3n 2026 dirigida a compa\u00f1\u00edas de teatro, danza, m\u00fasica y productores de espect\u00e1culos locales, regionales y&hellip; <\/p>\n","protected":false},"author":3,"featured_media":239448,"comment_status":"closed","ping_status":"open","sticky":false,"template":"","format":"standard","meta":{"footnotes":""},"categories":[23],"tags":[],"class_list":["post-239442","post","type-post","status-publish","format-standard","has-post-thumbnail","hentry","category-actualidad"],"_links":{"self":[{"href":"https:\/\/corrientesdetarde.com\/index.php\/wp-json\/wp\/v2\/posts\/239442","targetHints":{"allow":["GET"]}}],"collection":[{"href":"https:\/\/corrientesdetarde.com\/index.php\/wp-json\/wp\/v2\/posts"}],"about":[{"href":"https:\/\/corrientesdetarde.com\/index.php\/wp-json\/wp\/v2\/types\/post"}],"author":[{"embeddable":true,"href":"https:\/\/corrientesdetarde.com\/index.php\/wp-json\/wp\/v2\/users\/3"}],"replies":[{"embeddable":true,"href":"https:\/\/corrientesdetarde.com\/index.php\/wp-json\/wp\/v2\/comments?post=239442"}],"version-history":[{"count":2,"href":"https:\/\/corrientesdetarde.com\/index.php\/wp-json\/wp\/v2\/posts\/239442\/revisions"}],"predecessor-version":[{"id":239456,"href":"https:\/\/corrientesdetarde.com\/index.php\/wp-json\/wp\/v2\/posts\/239442\/revisions\/239456"}],"wp:featuredmedia":[{"embeddable":true,"href":"https:\/\/corrientesdetarde.com\/index.php\/wp-json\/wp\/v2\/media\/239448"}],"wp:attachment":[{"href":"https:\/\/corrientesdetarde.com\/index.php\/wp-json\/wp\/v2\/media?parent=239442"}],"wp:term":[{"taxonomy":"category","embeddable":true,"href":"https:\/\/corrientesdetarde.com\/index.php\/wp-json\/wp\/v2\/categories?post=239442"},{"taxonomy":"post_tag","embeddable":true,"href":"https:\/\/corrientesdetarde.com\/index.php\/wp-json\/wp\/v2\/tags?post=239442"}],"curies":[{"name":"wp","href":"https:\/\/api.w.org\/{rel}","templated":true}]}}