{"id":239443,"date":"2025-12-12T08:00:34","date_gmt":"2025-12-12T11:00:34","guid":{"rendered":"https:\/\/corrientesdetarde.com\/?p=239443"},"modified":"2025-12-12T11:33:01","modified_gmt":"2025-12-12T14:33:01","slug":"la-pena-de-los-alonsitos-brillo-en-su-primera-noche-en-el-huracan","status":"publish","type":"post","link":"https:\/\/corrientesdetarde.com\/index.php\/eventos\/la-pena-de-los-alonsitos-brillo-en-su-primera-noche-en-el-huracan\/","title":{"rendered":"La Pe\u00f1a de Los Alonsitos brill\u00f3 en su primera noche en el Hurac\u00e1n"},"content":{"rendered":"\n<p>Con una multitud que se dio cita en el club del barrio Ber\u00f3n de Astrada, el tr\u00edo chamamecero brind\u00f3 la primera jornada de su pe\u00f1a con n\u00fameros como L\u00e1zaro Caballero y El Chaque\u00f1o Palavecino. Hoy ser\u00e1 el turno de Jorge Rojas.<\/p>\n\n\n\n<p>La primera de las tres noches de La Pe\u00f1a de Los Alonsitos se vivi\u00f3 a pleno en el Club Hurac\u00e1n Corrientes, espacio elegido por el grupo chamamecero para festejar sus 40 a\u00f1os con la m\u00fasica.<\/p>\n\n\n\n<p>Por el escenario pasaron en la primera velada m\u00fasicos de la talla de El Chaque\u00f1o Palavecino y L\u00e1zaro Caballero quienes fueron los dos primeros n\u00fameros de car\u00e1cter nacional.<\/p>\n\n\n\n<p>Junto a esta destacadas estrellas de la m\u00fasica aut\u00f3ctona se puede destacar la presencia de Sue\u00f1o Correntino, Raza Yacar\u00e9, el Taller de M\u00fasica CLCO y el Ballet 7 Corrientes y obviamente la presencia de Marcelo Roselli Majul, su hermano Marcos y Ariel B\u00e1ez.<\/p>\n\n\n\n<p>Pero no todo fue nuestra m\u00fasica tradicional, ya que tambi\u00e9n se sum\u00f3 la agrupaci\u00f3n tropical Kumbiatina para darle un ritmo diferente a la primera noche de la pe\u00f1a.<\/p>\n\n\n\n<p>En el evento auspiciado por \u00e9poca, la producci\u00f3n t\u00e9cnica de esta edici\u00f3n convirti\u00f3 al Hurac\u00e1n en un festival, ya que las luces, pantallas y un sonido claro y envolvente hicieron que la gente disfrutara de un espect\u00e1culo de primera l\u00ednea a nivel nacional.<\/p>\n\n\n\n<p>La puesta en escena de este imponente espect\u00e1culo que contin\u00faa hoy viernes (ver infograf\u00eda), no solo jerarquiza a la pe\u00f1a, sino que tambi\u00e9n la posiciona como un espect\u00e1culo masivo comparable a los grandes eventos nacionales.<\/p>\n\n\n\n<figure class=\"wp-block-image\"><img decoding=\"async\" src=\"https:\/\/www.diarioepoca.com\/content\/bucket\/9\/1463599w380h231c.jpg.webp\" alt=\"\"\/><figcaption class=\"wp-element-caption\">UN EVENTO QUE TENDR\u00c1 DOS JORNADAS M\u00c1S, LA DE ESTA NOCHE Y MA\u00d1ANA S\u00c1BADO.<\/figcaption><\/figure>\n\n\n\n<h2 class=\"wp-block-heading\">Entradas<\/h2>\n\n\n\n<p>Las entradas generales y las mesas para cuatro personas est\u00e1n disponibles en la web www.centralticket.net, tambi\u00e9n de manera presencial en la Casilla Municipal (San Juan y Jun\u00edn), Previsora del Paran\u00e1, Electro Hogar (Hip\u00f3lito Yrigoyen 1772) de 8:30 a 12:30 y de 16:30 a 20:30; en El S\u00faper de Previsora (Hip\u00f3lito Yrigoyen 1773) de 8 a 22 y en el bar PIB (Costanera Sur y General Paz), de mi\u00e9rcoles a domingo de 11 a 23. Adem\u00e1s, los tickets individuales y las mesas pueden abonarse en hasta 3 cuotas sin inter\u00e9s con tarjetas Visa y Mastercard del Banco de Corrientes tanto en la web de Central Ticket como en los puntos de venta mencionados y en el Club Hurac\u00e1n durante los d\u00edas de La Pe\u00f1a.<\/p>\n\n\n\n<figure class=\"wp-block-image\"><img decoding=\"async\" src=\"https:\/\/www.diarioepoca.com\/content\/bucket\/6\/1463726w380h405c.jpg.webp\" alt=\"\"\/><\/figure>\n\n\n\n<p>Con cuatro d\u00e9cadas de trayectoria art\u00edstica y 19 \u00e1lbumes discogr\u00e1ficos editados recorrieron los escenarios m\u00e1s importantes llevando su g\u00e9nero m\u00e1s preciado: el chamam\u00e9. Su nombre se debe al apellido de su primer maestro de m\u00fasica: Ra\u00fal Alonso. Toda su historia la compartir\u00e1n desde el escenario.<\/p>\n","protected":false},"excerpt":{"rendered":"<p>Con una multitud que se dio cita en el club del barrio Ber\u00f3n de Astrada, el tr\u00edo chamamecero brind\u00f3 la primera jornada de su pe\u00f1a con n\u00fameros como L\u00e1zaro Caballero&hellip; <\/p>\n","protected":false},"author":3,"featured_media":239447,"comment_status":"closed","ping_status":"open","sticky":false,"template":"","format":"standard","meta":{"footnotes":""},"categories":[22],"tags":[],"class_list":["post-239443","post","type-post","status-publish","format-standard","has-post-thumbnail","hentry","category-eventos"],"_links":{"self":[{"href":"https:\/\/corrientesdetarde.com\/index.php\/wp-json\/wp\/v2\/posts\/239443","targetHints":{"allow":["GET"]}}],"collection":[{"href":"https:\/\/corrientesdetarde.com\/index.php\/wp-json\/wp\/v2\/posts"}],"about":[{"href":"https:\/\/corrientesdetarde.com\/index.php\/wp-json\/wp\/v2\/types\/post"}],"author":[{"embeddable":true,"href":"https:\/\/corrientesdetarde.com\/index.php\/wp-json\/wp\/v2\/users\/3"}],"replies":[{"embeddable":true,"href":"https:\/\/corrientesdetarde.com\/index.php\/wp-json\/wp\/v2\/comments?post=239443"}],"version-history":[{"count":1,"href":"https:\/\/corrientesdetarde.com\/index.php\/wp-json\/wp\/v2\/posts\/239443\/revisions"}],"predecessor-version":[{"id":239450,"href":"https:\/\/corrientesdetarde.com\/index.php\/wp-json\/wp\/v2\/posts\/239443\/revisions\/239450"}],"wp:featuredmedia":[{"embeddable":true,"href":"https:\/\/corrientesdetarde.com\/index.php\/wp-json\/wp\/v2\/media\/239447"}],"wp:attachment":[{"href":"https:\/\/corrientesdetarde.com\/index.php\/wp-json\/wp\/v2\/media?parent=239443"}],"wp:term":[{"taxonomy":"category","embeddable":true,"href":"https:\/\/corrientesdetarde.com\/index.php\/wp-json\/wp\/v2\/categories?post=239443"},{"taxonomy":"post_tag","embeddable":true,"href":"https:\/\/corrientesdetarde.com\/index.php\/wp-json\/wp\/v2\/tags?post=239443"}],"curies":[{"name":"wp","href":"https:\/\/api.w.org\/{rel}","templated":true}]}}