{"id":239444,"date":"2025-12-12T08:00:37","date_gmt":"2025-12-12T11:00:37","guid":{"rendered":"https:\/\/corrientesdetarde.com\/?p=239444"},"modified":"2025-12-12T11:33:01","modified_gmt":"2025-12-12T14:33:01","slug":"monte-caseros-prepara-su-reino-efimero-de-carnaval-y-locura","status":"publish","type":"post","link":"https:\/\/corrientesdetarde.com\/index.php\/eventos\/monte-caseros-prepara-su-reino-efimero-de-carnaval-y-locura\/","title":{"rendered":"Monte Caseros prepara su reino ef\u00edmero de carnaval y locura"},"content":{"rendered":"\n<p>Las principales competidoras anunciaron sus sambas enredo. Las miradas est\u00e1n puestas en Orfeo, Car\u00fan Ber\u00e1, Unasam y Shangay. El samb\u00f3dromo Paso de los Higos volver\u00e1 a vibrar desde el 17 de enero con seis s\u00e1bados del mejor carnaval artesanal.<\/p>\n\n\n\n<p>La fiesta artesanal por excelencia de momo comienza de a poco a encender las luces de una hermosa locura de pasi\u00f3n y competencia en el marco de la edici\u00f3n 2026 de los Carnavales de Monte Caseros. Las comparsas anunciaron sus tem\u00e1ticas y est\u00e1n en plena celebraci\u00f3n de coronaci\u00f3n de sus soberanas. &#8220;Estamos listos y expectantes&#8221;, expres\u00f3 el intendente Juan Carlos \u00c1lvarez.<\/p>\n\n\n\n<p>Una de las fiestas m\u00e1s emocionantes de Carnaval en Corrientes se vive en el coraz\u00f3n de Monte Caseros donde el samb\u00f3dromo Paso de los Higos volver\u00e1 a templar con el en\u00e9rgico desfile de sus comparsas. &#8220;Estamos listos, solo restan detalles para vivir otra edici\u00f3n emocionante&#8221;, expres\u00f3 Graciela Borr\u00e9, referente de la firma Alma Producciones a cargo de la organizaci\u00f3n del espect\u00e1culo.<\/p>\n\n\n\n<p>Por su parte, el intendente destac\u00f3 que hay un esfuerzo enorme de log\u00edstica y producci\u00f3n para posicionar a Monte Caseros entre los mejores carnavales del pa\u00eds. &#8220;Estamos orgullosos de nuestra fiesta, por la pasi\u00f3n y la creatividad art\u00edstica que surge del trabajo intenso de todos los comparseros, un talento enorme que jerarquiza nuestro carnaval&#8221;, coment\u00f3 \u00c1lvarez.<\/p>\n\n\n\n<p>El calendario marca 6 noches de desfiles divididos en los s\u00e1bados: 17, 24 y 31 de enero y 7, 13 y 14 de febrero. Como ya es tradici\u00f3n, el jueves 6 de febrero se vivir\u00e1 el esperado Show de Bater\u00edas y el Baile de Reinas, donde la potencia, el ritmo y la belleza ser\u00e1n protagonistas.<\/p>\n\n\n\n<p>Las coronaciones de carnaval marcan una actividad identitaria de Monte Caseros. El pasado 6 de diciembre inici\u00f3 Shangay y el 7 fue el turno de Carumbecitos. En tanto Orfeo y Orfe\u00edto har\u00e1n lo propio el 3 de enero, el grupo Alegr\u00eda el 9 de enero, Carumber\u00e1 el s\u00e1bado 10 y el 11 Unasam. &#8220;Queremos invitar a todos a que vengan a Monte Caseros a disfrutar de una hermosa ciudad, de su gente y de su incre\u00edble fiesta de carnaval, el m\u00e1s artesanal del pa\u00eds&#8221;, coment\u00f3 \u00c1lvarez a \u00e9poca.<\/p>\n\n\n\n<h2 class=\"wp-block-heading\">Tem\u00e1ticas de competencia<\/h2>\n\n\n\n<p>La \u00faltima campeona, Orfeo tomar\u00e1 por asalto el carnaval para exclamar &#8220;La calle es nuestra&#8221;. Es el escenario donde se escribe la historia de los pueblos. Es trinchera y refugio, es aplauso y silencio. Es la voz colectiva que no se calla.<\/p>\n\n\n\n<p>Por su parte, Unasam revelar\u00e1 el &#8220;Misterio Egipcio&#8221;. La historia comienza con la apertura de un portal al M\u00e1s All\u00e1 egipcio, donde se revela un mundo sagrado lleno de dioses y reyes.<\/p>\n\n\n\n<p>Shangay recorrer\u00e1 &#8220;Las maravillas del MERCOSUR&#8221;. La comparsa presentar\u00e1 un espect\u00e1culo vibrante y lleno de identidad, inspirado en la riqueza cultural, hist\u00f3rica y social de los cuatro pa\u00edses miembros de esta gran regi\u00f3n latinoamericana.<\/p>\n\n\n\n<p>Por \u00faltimo, la comparsa conocida como &#8220;los carunchos&#8221; representar\u00e1 &#8220;Una utop\u00eda es mi Car\u00fan Ber\u00e1&#8221;. Una historia de ciencia ficci\u00f3n contada a trav\u00e9s de contextos dist\u00f3picos vistas en pel\u00edculas del cine. En un mundo devastado por guerras y el derroche de recursos, la humanidad se hab\u00eda fragmentando.<\/p>\n\n\n\n<p>Mientras las ciudades eran ruinas y los desiertos se extend\u00edan como mares \u00e1ridos, un grupo de sobrevivientes luchaba por mantener al menos un rayo de esperanza.<\/p>\n\n\n\n<h2 class=\"wp-block-heading\">Las menores<\/h2>\n\n\n\n<p>La comparsa Carunberacito presentar\u00e1 un espect\u00e1culo lleno de energ\u00eda, color y fantas\u00eda inspirado en el inolvidable &#8220;Show de Xuxa&#8221; realizado en Argentina en 1992 y emitido por Telef\u00e9. &#8220;Retomamos la esencia m\u00e1gica de aquella puesta ic\u00f3nica: la alegr\u00eda contagiosa, la interacci\u00f3n con el p\u00fablico, el esp\u00edritu infantil y la celebraci\u00f3n de la imaginaci\u00f3n&#8221;.<\/p>\n\n\n\n<p>Orfe\u00edto desfilar\u00e1 con &#8220;Una pel\u00edcula inolvidable&#8221;, en que recrear\u00e1 los inolvidables films que marcaron generaciones. Propondr\u00e1 as\u00ed una historia donde los sue\u00f1os, la fantas\u00eda y los grandes sentimientos cobran vida a trav\u00e9s de la m\u00fasica, el color y la danza.<\/p>\n\n\n\n<p>Grupo Alegr\u00eda traer\u00e1 &#8220;La fiesta de mascaradas&#8221; en una noche m\u00e1gica en un palacio de sue\u00f1os. Las invitaciones llegan en un carruaje encantado tirado por caballos blancos con crines de arco\u00edris, donde abundar\u00e1n vestidos y trajes brillantes.<\/p>\n\n\n\n<h2 class=\"wp-block-heading\">Paso de los Libres enciende el fuego radiante de Momo<\/h2>\n\n\n\n<figure class=\"wp-block-image\"><img decoding=\"async\" src=\"https:\/\/www.diarioepoca.com\/content\/bucket\/0\/1463240w380h319c.jpg.webp\" alt=\"\"\/><\/figure>\n\n\n\n<p>La considerada &#8220;Cuna del Carnaval&#8221; inicia la cuenta regresiva para la celebraci\u00f3n de la denominada Fiesta de Momo de la frontera en Paso de los Libres. Las principales comparsas se encuentran en pleno proceso creativo y artesanal para la puesta a punto de una competencia que promete ser m\u00e1s vibrante que los a\u00f1os anteriores.<\/p>\n\n\n\n<p>El samb\u00f3dromo Carlos &#8220;Mu\u00f1eca&#8221; Da Costa vivir\u00e1 cuatro noches de competencia en su tradicional escenario con desfiles coloridos descollantes. La cultura y la celebraci\u00f3n de esta mascarada convocar\u00e1 a miles de fan\u00e1ticos y simpatizantes los d\u00edas s\u00e1bados 31 de enero, s\u00e1bados 7, 14 y domingo 15 de febrero.<\/p>\n\n\n\n<p>En cuanto a las tem\u00e1ticas que desarrollar\u00e1n cada una, anunciaron que hay una amplia elecci\u00f3n y las propuestas se muestras muy creativas. Por el lado de Zum Zum, la comparsa representar\u00e1 a &#8220;El or\u00e1culo&#8221;, que revela el pacto verde de protecci\u00f3n en referencia a &#8220;Oxossi, mi patrono&#8221;. En tanto &#8220;la tortuguita&#8221; Carumb\u00e9 saldr\u00e1 con el delirio de &#8220;Los locos a\u00f1os 20&#8221;. Por su parte, la comparsa Tradici\u00f3n anunci\u00f3 que tendr\u00e1 en su alma la tem\u00e1tica &#8220;\u00c1frica en nosotros, un ritmo que nunca se apag\u00f3&#8221;.<\/p>\n\n\n\n<p>La comparsa de asenso, Linda Flor, buscar\u00e1 mantenerse en la categor\u00eda con &#8220;En busca de la salvaci\u00f3n&#8221;. La suerte est\u00e1 echada y las protagonistas dar\u00e1n todo hasta la \u00faltima gota de pasi\u00f3n para lograr la m\u00e1xima puntuaci\u00f3n en juego.<\/p>\n","protected":false},"excerpt":{"rendered":"<p>Las principales competidoras anunciaron sus sambas enredo. Las miradas est\u00e1n puestas en Orfeo, Car\u00fan Ber\u00e1, Unasam y Shangay. El samb\u00f3dromo Paso de los Higos volver\u00e1 a vibrar desde el 17&hellip; <\/p>\n","protected":false},"author":3,"featured_media":239449,"comment_status":"closed","ping_status":"open","sticky":false,"template":"","format":"standard","meta":{"footnotes":""},"categories":[22],"tags":[],"class_list":["post-239444","post","type-post","status-publish","format-standard","has-post-thumbnail","hentry","category-eventos"],"_links":{"self":[{"href":"https:\/\/corrientesdetarde.com\/index.php\/wp-json\/wp\/v2\/posts\/239444","targetHints":{"allow":["GET"]}}],"collection":[{"href":"https:\/\/corrientesdetarde.com\/index.php\/wp-json\/wp\/v2\/posts"}],"about":[{"href":"https:\/\/corrientesdetarde.com\/index.php\/wp-json\/wp\/v2\/types\/post"}],"author":[{"embeddable":true,"href":"https:\/\/corrientesdetarde.com\/index.php\/wp-json\/wp\/v2\/users\/3"}],"replies":[{"embeddable":true,"href":"https:\/\/corrientesdetarde.com\/index.php\/wp-json\/wp\/v2\/comments?post=239444"}],"version-history":[{"count":1,"href":"https:\/\/corrientesdetarde.com\/index.php\/wp-json\/wp\/v2\/posts\/239444\/revisions"}],"predecessor-version":[{"id":239452,"href":"https:\/\/corrientesdetarde.com\/index.php\/wp-json\/wp\/v2\/posts\/239444\/revisions\/239452"}],"wp:featuredmedia":[{"embeddable":true,"href":"https:\/\/corrientesdetarde.com\/index.php\/wp-json\/wp\/v2\/media\/239449"}],"wp:attachment":[{"href":"https:\/\/corrientesdetarde.com\/index.php\/wp-json\/wp\/v2\/media?parent=239444"}],"wp:term":[{"taxonomy":"category","embeddable":true,"href":"https:\/\/corrientesdetarde.com\/index.php\/wp-json\/wp\/v2\/categories?post=239444"},{"taxonomy":"post_tag","embeddable":true,"href":"https:\/\/corrientesdetarde.com\/index.php\/wp-json\/wp\/v2\/tags?post=239444"}],"curies":[{"name":"wp","href":"https:\/\/api.w.org\/{rel}","templated":true}]}}