{"id":239445,"date":"2025-12-12T08:01:21","date_gmt":"2025-12-12T11:01:21","guid":{"rendered":"https:\/\/corrientesdetarde.com\/?p=239445"},"modified":"2025-12-12T08:01:23","modified_gmt":"2025-12-12T11:01:23","slug":"con-la-celebracion-del-sol-comienzan-los-festejos-por-los-69-anos-de-la-unne","status":"publish","type":"post","link":"https:\/\/corrientesdetarde.com\/index.php\/locales\/con-la-celebracion-del-sol-comienzan-los-festejos-por-los-69-anos-de-la-unne\/","title":{"rendered":"Con la &#8220;Celebraci\u00f3n del Sol&#8221;, comienzan los festejos por los 69 a\u00f1os de la UNNE"},"content":{"rendered":"\n<p>La velada tendr\u00e1 lugar hoy viernes 12 de diciembre, a las 20.30 hs., en el Complejo Cultural Guido Miranda, en Resistencia. El domingo 14 en tanto, se realizar\u00e1 el &#8220;Reto UNNE&#8221;, en el Campus ubicado en Av. Las Heras al 700.<\/p>\n\n\n\n<p>La Universidad Nacional del Nordeste cumple 69 a\u00f1os de vida institucional y lo celebra con dos propuestas diferentes: &#8220;La celebraci\u00f3n del Sol&#8221; y &#8220;Reto UNNE&#8221;. La primera ser\u00e1 este viernes 12 diciembre en el Complejo Cultural Guido Miranda, en la capital chaque\u00f1a; y la segunda el domingo 14 en el Campus Resistencia.&nbsp;<\/p>\n\n\n\n<p>A las 20,30 horas comenzar\u00e1 el espect\u00e1culo art\u00edstico de danzas que combina arte, identidad y memoria, celebrando casi siete d\u00e9cadas de compromiso con la formaci\u00f3n integral, la investigaci\u00f3n de excelencia y el desarrollo regional. E invita a reflexionar sobre la profunda vinculaci\u00f3n de la instituci\u00f3n con el territorio, la comunidad y su misi\u00f3n hist\u00f3rica en la regi\u00f3n.<\/p>\n\n\n\n<p>La obra, creada especialmente para esta conmemoraci\u00f3n, propone un recorrido simb\u00f3lico por los pilares que sostienen a la Universidad desde su creaci\u00f3n: la formaci\u00f3n acad\u00e9mica, la producci\u00f3n de conocimiento a trav\u00e9s de la investigaci\u00f3n y el compromiso social que la une al desarrollo cultural, econ\u00f3mico y humano del Nordeste argentino.<\/p>\n\n\n\n<p>De la misma participar\u00e1n las academias de danzas: Duartango, Romance de Zamba, Ballet Juvenil de Lucia Diez y Ver\u00f3nica Turtola y la direcci\u00f3n de \u00c1ngela Rodr\u00edguez. El evento est\u00e1 coordinado por la Secretar\u00eda General de Extensi\u00f3n Universitaria y el Centro Cultural Nordeste, contando con la colaboraci\u00f3n del Nuevo Banco del Chaco y del Instituto de Cultura de la Provincia de Chaco.<\/p>\n\n\n\n<p>Por medio de la danza y el lenguaje esc\u00e9nico, el espect\u00e1culo busca visibilizar c\u00f3mo la UNNE se integra a su entorno, dialoga con las problem\u00e1ticas de la regi\u00f3n y se constituye como un actor fundamental en la construcci\u00f3n de ciudadan\u00eda, innovaci\u00f3n y oportunidades. La propuesta art\u00edstica destaca el rol de una universidad p\u00fablica presente y en permanente transformaci\u00f3n.<\/p>\n\n\n\n<p>En el marco del aniversario, autoridades universitarias remarcaron que la celebraci\u00f3n &#8220;no es solo un acto conmemorativo, sino una oportunidad para reafirmar la importancia de la educaci\u00f3n p\u00fablica como motor de inclusi\u00f3n, equidad y progreso para toda la sociedad&#8221;. La obra se convierte as\u00ed en un homenaje a la trayectoria institucional y, al mismo tiempo, en un mensaje hacia el futuro.<\/p>\n\n\n\n<h3 class=\"wp-block-heading\">Reto UNNE<\/h3>\n\n\n\n<p>Los festejos continuar\u00e1n el domingo 14 de diciembre, fecha en que la UNNE cumple 69 a\u00f1os, con el &#8220;Reto UNNE&#8221;.<\/p>\n\n\n\n<p>La propuesta deportiva iniciar\u00e1 a las 8,30 horas en Av. Las Heras 727, donde se ubicar\u00e1 el punto de partida.<\/p>\n\n\n\n<p>La largada oficial ser\u00e1 a las 9:30 horas y el recorrido ser\u00e1 de aproximadamente 3,5 kil\u00f3metros, incluyendo sectores internos del Campus y calles aleda\u00f1as.<\/p>\n\n\n\n<p>La carrera estar\u00e1 organizada en dos categor\u00edas: P\u00fablico en general (mayores de 18 a\u00f1os) y Comunidad UNNE (estudiantes, docentes y no docentes)<\/p>\n\n\n\n<p>Todas las personas que completen el recorrido, recibir\u00e1n una medalla finisher y se entregar\u00e1n premios especiales a los primeros puestos de cada categor\u00eda.<\/p>\n\n\n\n<p>El circuito contempla la salida desde el Comedor del Campus, recorrido interno y luego calles externas como Avenida Las Heras, Franklin, Triunvirato y Castelli, para finalmente ingresar nuevamente al predio universitario y culminar en el punto de inicio.<\/p>\n","protected":false},"excerpt":{"rendered":"<p>La velada tendr\u00e1 lugar hoy viernes 12 de diciembre, a las 20.30 hs., en el Complejo Cultural Guido Miranda, en Resistencia. El domingo 14 en tanto, se realizar\u00e1 el &#8220;Reto&hellip; <\/p>\n","protected":false},"author":3,"featured_media":239454,"comment_status":"closed","ping_status":"open","sticky":false,"template":"","format":"standard","meta":{"footnotes":""},"categories":[8],"tags":[],"class_list":["post-239445","post","type-post","status-publish","format-standard","has-post-thumbnail","hentry","category-locales"],"_links":{"self":[{"href":"https:\/\/corrientesdetarde.com\/index.php\/wp-json\/wp\/v2\/posts\/239445","targetHints":{"allow":["GET"]}}],"collection":[{"href":"https:\/\/corrientesdetarde.com\/index.php\/wp-json\/wp\/v2\/posts"}],"about":[{"href":"https:\/\/corrientesdetarde.com\/index.php\/wp-json\/wp\/v2\/types\/post"}],"author":[{"embeddable":true,"href":"https:\/\/corrientesdetarde.com\/index.php\/wp-json\/wp\/v2\/users\/3"}],"replies":[{"embeddable":true,"href":"https:\/\/corrientesdetarde.com\/index.php\/wp-json\/wp\/v2\/comments?post=239445"}],"version-history":[{"count":1,"href":"https:\/\/corrientesdetarde.com\/index.php\/wp-json\/wp\/v2\/posts\/239445\/revisions"}],"predecessor-version":[{"id":239455,"href":"https:\/\/corrientesdetarde.com\/index.php\/wp-json\/wp\/v2\/posts\/239445\/revisions\/239455"}],"wp:featuredmedia":[{"embeddable":true,"href":"https:\/\/corrientesdetarde.com\/index.php\/wp-json\/wp\/v2\/media\/239454"}],"wp:attachment":[{"href":"https:\/\/corrientesdetarde.com\/index.php\/wp-json\/wp\/v2\/media?parent=239445"}],"wp:term":[{"taxonomy":"category","embeddable":true,"href":"https:\/\/corrientesdetarde.com\/index.php\/wp-json\/wp\/v2\/categories?post=239445"},{"taxonomy":"post_tag","embeddable":true,"href":"https:\/\/corrientesdetarde.com\/index.php\/wp-json\/wp\/v2\/tags?post=239445"}],"curies":[{"name":"wp","href":"https:\/\/api.w.org\/{rel}","templated":true}]}}