{"id":239457,"date":"2025-12-12T09:00:06","date_gmt":"2025-12-12T12:00:06","guid":{"rendered":"https:\/\/corrientesdetarde.com\/?p=239457"},"modified":"2025-12-12T09:00:26","modified_gmt":"2025-12-12T12:00:26","slug":"tras-bajarse-gustavo-valdes-la-ucr-define-autoridades-nacionales","status":"publish","type":"post","link":"https:\/\/corrientesdetarde.com\/index.php\/politica\/tras-bajarse-gustavo-valdes-la-ucr-define-autoridades-nacionales\/","title":{"rendered":"Tras bajarse Gustavo Vald\u00e9s, la UCR define autoridades nacionales"},"content":{"rendered":"\n<p>El Comit\u00e9 Nacional elegir\u00e1 hoy a su nuevo presidente en medio de negociaciones aceleradas y tras la negativa del ahora exgobernador correntino de competir por la conducci\u00f3n. La senadora Gabriela Valenzuela reivindic\u00f3 su liderazgo y pidi\u00f3 &#8220;un gran consenso&#8221;.<\/p>\n\n\n\n<p>La Uni\u00f3n C\u00edvica Radical llegar\u00e1 al Plenario de este viernes 12 de diciembre con un tablero interno reconfigurado por la decisi\u00f3n de Gustavo Vald\u00e9s de no competir por la presidencia del Comit\u00e9 Nacional. Su negativa corri\u00f3 el eje de las negociaciones, amplific\u00f3 las conversaciones entre los sectores que buscan marcar el rumbo del partido y volvi\u00f3 tambi\u00e9n a colocar a Corrientes como foco de la discusi\u00f3n nacional.<\/p>\n\n\n\n<p>El encuentro se realizar\u00e1 desde las 14 en la sede porte\u00f1a de Alsina 1786, donde los delegados de todo el pa\u00eds deber\u00e1n definir al sucesor de Mart\u00edn Lousteau. Hasta hace apenas unos d\u00edas, la candidatura de Vald\u00e9s era vista como &#8220;la opci\u00f3n natural&#8221;: contaba con trayectoria, experiencia de gesti\u00f3n y un rol protag\u00f3nico en el armado de Provincias Unidas, el espacio que impulsan gobernadores y dirigentes de peso dentro del radicalismo.<\/p>\n\n\n\n<figure class=\"wp-block-image\"><img decoding=\"async\" src=\"https:\/\/www.diarioepoca.com\/content\/bucket\/1\/1463591w380h133c.jpg.webp\" alt=\"\"\/><\/figure>\n\n\n\n<p>Sin embargo, el exgobernador correntino opt\u00f3 por bajarse. &#8220;No se puede conducir a quienes no quieren ser conducidos&#8221;, respondi\u00f3 tajante a dirigentes que buscaban convencerlo. Su gesto desactiv\u00f3 expectativas y activ\u00f3 una negociaci\u00f3n contrarreloj que termin\u00f3 girando hacia la postulaci\u00f3n del intendente santafesino Leonel Chiarella, promovido por el sector de Maximiliano Pullaro y respaldado por buena parte de Provincias Unidas.<\/p>\n\n\n\n<p>La interna nacional llega a este punto con tensiones acumuladas: entre quienes pretenden que la UCR consolide un perfil opositor al gobierno de Javier Milei \u0097como Morales y Lousteau\u0097 y quienes, alineados con Alfredo Cornejo, creen que el partido debe evitar choques directos para no perder terreno en un electorado cada vez m\u00e1s permeable al oficialismo libertario.<\/p>\n\n\n\n<figure class=\"wp-block-image\"><img decoding=\"async\" src=\"https:\/\/www.diarioepoca.com\/content\/bucket\/2\/1463592w380h133c.jpg.webp\" alt=\"\"\/><\/figure>\n\n\n\n<h2 class=\"wp-block-heading\">Respaldo de Valenzuela<\/h2>\n\n\n\n<p>En este escenario, la voz de la senadora correntina Gabriela Valenzuela volvi\u00f3 a colocar al distrito en primer plano. La legisladora radical fue una de las primeras en impulsar p\u00fablicamente el nombre de Vald\u00e9s: lo defini\u00f3 como dirigente con &#8220;capacidad de di\u00e1logo y trabajo&#8221; y destac\u00f3 &#8220;su trayectoria, logros y condiciones de conducci\u00f3n pol\u00edtica para este tiempo&#8221;.<\/p>\n\n\n\n<figure class=\"wp-block-image\"><img decoding=\"async\" src=\"https:\/\/www.diarioepoca.com\/content\/bucket\/3\/1463593w380h107c.jpg.webp\" alt=\"\"\/><\/figure>\n\n\n\n<p>Tras conocerse la renuncia del exgobernador a competir, Valenzuela reforz\u00f3 su mensaje de cohesi\u00f3n interna. &#8220;La intenci\u00f3n es unificar voluntades para generar un gran consenso&#8221;, afirm\u00f3, se\u00f1alando que el proceso de recambio &#8220;se viene trabajando bien, con Gustavo Vald\u00e9s liderando, con un gran sentido de responsabilidad y militancia en la representaci\u00f3n del partido&#8221;.<\/p>\n\n\n\n<p>La senadora esquinense tambi\u00e9n dej\u00f3 en claro que el correntino no jugar\u00e1 en contra de la definici\u00f3n nacional. &#8220;Tom\u00f3 la decisi\u00f3n y como actual presidente de la UCR en Corrientes colaborar\u00e1 con quien sea el pr\u00f3ximo presidente del partido&#8221;, sostuvo. Y remarc\u00f3: &#8220;Vald\u00e9s apoyar\u00e1 a quien sea el pr\u00f3ximo presidente&#8221;.<\/p>\n\n\n\n<p>Su respaldo volvi\u00f3 a marcar el peso pol\u00edtico que Corrientes conserva dentro del esquema radical y la influencia que el exmandatario mantiene en las negociaciones finales aun sin ser candidato.<\/p>\n\n\n\n<figure class=\"wp-block-image\"><img decoding=\"async\" src=\"https:\/\/www.diarioepoca.com\/content\/bucket\/0\/1463590w380h192c.jpg.webp\" alt=\"\"\/><figcaption class=\"wp-element-caption\">UNA JORNADA CLAVE PARA EL RADICALISMO NACIONAL EN SU DEFINICI\u00d3N DEL SUCESOR DE LOUSTEAU.<\/figcaption><\/figure>\n\n\n\n<p>Con la pulseada nacional abierta y los delegados ultimando definiciones, el plenario de este viernes aparece como una bisagra para el radicalismo. La renuncia de Vald\u00e9s a dar la pelea orden\u00f3 alianzas y reaviv\u00f3 el debate sobre el perfil que deber\u00e1 asumir el partido en la nueva etapa pol\u00edtica. Mientras tanto, Corrientes vuelve a exhibir liderazgo y presencia decisiva en la mesa nacional, con Valenzuela y Vald\u00e9s como voces centrales en la previa de una elecci\u00f3n que \u0097sin dudas\u0097 promete dejar huella puertas adentro de la UCR.<\/p>\n","protected":false},"excerpt":{"rendered":"<p>El Comit\u00e9 Nacional elegir\u00e1 hoy a su nuevo presidente en medio de negociaciones aceleradas y tras la negativa del ahora exgobernador correntino de competir por la conducci\u00f3n. La senadora Gabriela&hellip; <\/p>\n","protected":false},"author":3,"featured_media":239461,"comment_status":"closed","ping_status":"open","sticky":false,"template":"","format":"standard","meta":{"footnotes":""},"categories":[3],"tags":[],"class_list":["post-239457","post","type-post","status-publish","format-standard","has-post-thumbnail","hentry","category-politica"],"_links":{"self":[{"href":"https:\/\/corrientesdetarde.com\/index.php\/wp-json\/wp\/v2\/posts\/239457","targetHints":{"allow":["GET"]}}],"collection":[{"href":"https:\/\/corrientesdetarde.com\/index.php\/wp-json\/wp\/v2\/posts"}],"about":[{"href":"https:\/\/corrientesdetarde.com\/index.php\/wp-json\/wp\/v2\/types\/post"}],"author":[{"embeddable":true,"href":"https:\/\/corrientesdetarde.com\/index.php\/wp-json\/wp\/v2\/users\/3"}],"replies":[{"embeddable":true,"href":"https:\/\/corrientesdetarde.com\/index.php\/wp-json\/wp\/v2\/comments?post=239457"}],"version-history":[{"count":1,"href":"https:\/\/corrientesdetarde.com\/index.php\/wp-json\/wp\/v2\/posts\/239457\/revisions"}],"predecessor-version":[{"id":239489,"href":"https:\/\/corrientesdetarde.com\/index.php\/wp-json\/wp\/v2\/posts\/239457\/revisions\/239489"}],"wp:featuredmedia":[{"embeddable":true,"href":"https:\/\/corrientesdetarde.com\/index.php\/wp-json\/wp\/v2\/media\/239461"}],"wp:attachment":[{"href":"https:\/\/corrientesdetarde.com\/index.php\/wp-json\/wp\/v2\/media?parent=239457"}],"wp:term":[{"taxonomy":"category","embeddable":true,"href":"https:\/\/corrientesdetarde.com\/index.php\/wp-json\/wp\/v2\/categories?post=239457"},{"taxonomy":"post_tag","embeddable":true,"href":"https:\/\/corrientesdetarde.com\/index.php\/wp-json\/wp\/v2\/tags?post=239457"}],"curies":[{"name":"wp","href":"https:\/\/api.w.org\/{rel}","templated":true}]}}