{"id":239458,"date":"2025-12-12T09:00:11","date_gmt":"2025-12-12T12:00:11","guid":{"rendered":"https:\/\/corrientesdetarde.com\/?p=239458"},"modified":"2025-12-12T09:00:21","modified_gmt":"2025-12-12T12:00:21","slug":"el-congreso-abre-un-intenso-debate-por-la-reforma-laboral","status":"publish","type":"post","link":"https:\/\/corrientesdetarde.com\/index.php\/politica\/el-congreso-abre-un-intenso-debate-por-la-reforma-laboral\/","title":{"rendered":"El Congreso abre un intenso debate por la reforma laboral"},"content":{"rendered":"\n<p>Tras el ingreso formal del proyecto enviado por el Gobierno, el oficialismo acelera el armado de comisiones para iniciar la discusi\u00f3n. La UCR pide &#8220;modernizar&#8221; el sistema y Uni\u00f3n por la Patria anticipa resistencias. Los senadores correntinos Vischi y Esp\u00ednola marcaron posici\u00f3n.<\/p>\n\n\n\n<p>El Senado nacional inici\u00f3 este jueves el recorrido legislativo de la reforma laboral \u0097rebautizada por el Ejecutivo como &#8220;modernizaci\u00f3n laboral&#8221;\u0097 tras el ingreso formal del proyecto firmado por el presidente Javier Milei apenas regres\u00f3 de su gira internacional. Con tiempos ajustados y tensiones internas por la integraci\u00f3n de comisiones, el debate promete convertirse en uno de los ejes m\u00e1s calientes de las sesiones extraordinarias en este final de a\u00f1o.<\/p>\n\n\n\n<p>El expediente qued\u00f3 registrado cerca de las 10 de la ma\u00f1ana y abri\u00f3 un proceso que ahora depende de la vicepresidente Victoria Villarruel, encargada de convocar a las comisiones que analizar\u00e1n el texto.<\/p>\n\n\n\n<p>En Casa Rosada insisten en avanzar r\u00e1pido: la presidente del bloque oficialista, Patricia Bullrich, pidi\u00f3 acelerar los pasos administrativos para alcanzar un dictamen antes del 19 de diciembre, fecha l\u00edmite para poder llevar el proyecto al recinto en extraordinarias.<\/p>\n\n\n\n<figure class=\"wp-block-image\"><img decoding=\"async\" src=\"https:\/\/www.diarioepoca.com\/content\/bucket\/6\/1463586w380h133c.jpg.webp\" alt=\"\"\/><\/figure>\n\n\n\n<p>La discusi\u00f3n sobre la conformaci\u00f3n de las comisiones volvi\u00f3 a exponer tensiones. Trabajo y Previsi\u00f3n Social y Presupuesto y Hacienda \u0097ambas con 17 miembros\u0097 son las encargadas naturales.<\/p>\n\n\n\n<p>Pero la intenci\u00f3n de La Libertad Avanza de llamar a un plenario para evitar demoras gener\u00f3 inquietud en bloques chicos que temen quedar afuera si se aplica estrictamente la representaci\u00f3n proporcional. El peronismo, con 24 senadores, obtendr\u00eda 7 lugares; LLA, 6; la UCR, 3; y el PRO, uno. Ese esquema deja sin espacios a varias provincias y monobloques, lo que podr\u00eda complicar la b\u00fasqueda de aliados.<\/p>\n\n\n\n<figure class=\"wp-block-image\"><img decoding=\"async\" src=\"https:\/\/www.diarioepoca.com\/content\/bucket\/7\/1463587w380h133c.jpg.webp\" alt=\"\"\/><\/figure>\n\n\n\n<h2 class=\"wp-block-heading\">Negociaciones<\/h2>\n\n\n\n<p>Mientras el oficialismo apuesta a sellar acuerdos m\u00ednimos para acelerar el tratamiento, Uni\u00f3n por la Patria anticipa que dar\u00e1 pelea art\u00edculo por art\u00edculo. Gobernadores y senadores dialoguistas, en tanto, observan de cerca los plazos: si el proyecto no logra dictamen la pr\u00f3xima semana su tratamiento este a\u00f1o se volver\u00e1 improbable.<\/p>\n\n\n\n<figure class=\"wp-block-image\"><img decoding=\"async\" src=\"https:\/\/www.diarioepoca.com\/content\/bucket\/8\/1463588w380h107c.jpg.webp\" alt=\"\"\/><\/figure>\n\n\n\n<h2 class=\"wp-block-heading\">La postura de Vischi<\/h2>\n\n\n\n<p>El senador radical por Corrientes, Eduardo &#8220;Peteco&#8221; Vischi, respald\u00f3 la idea de encarar una actualizaci\u00f3n normativa. &#8220;El radicalismo hace rato habla de reformas importantes, especialmente para acotar el poder de sindicatos que, en algunos momentos, fueron extorsivos y contribuyeron a que la mitad de los argentinos tenga trabajo no registrado&#8221;, afirm\u00f3 a la prensa local.<\/p>\n\n\n\n<p>Para el legislador, el proyecto apunta a &#8220;adaptar el mundo laboral a los nuevos tiempos&#8221;, con herramientas que incluyan &#8220;horarios m\u00e1s flexibles, incentivos para peque\u00f1as empresas y mecanismos para promover el empleo registrado&#8221;.<\/p>\n\n\n\n<p>Si bien aclar\u00f3 que la UCR &#8220;est\u00e1 analizando&#8221; el texto, destac\u00f3 que mantiene &#8220;buen di\u00e1logo&#8221; con el Gobierno. Tambi\u00e9n subray\u00f3 la necesidad de reglas claras: &#8220;La idea es que contratar no sea un riesgo prohibitivo. Muchas veces, por una indemnizaci\u00f3n mal encuadrada, se pone en riesgo a toda una empresa&#8221;, dijo a Radionord.<\/p>\n\n\n\n<figure class=\"wp-block-image\"><img decoding=\"async\" src=\"https:\/\/www.diarioepoca.com\/content\/bucket\/5\/1463585w380h192c.jpg.webp\" alt=\"\"\/><figcaption class=\"wp-element-caption\">MILEI FIRMA EL PROYECTO DE LEY QUE MAND\u00d3 EL EJECUTIVO NACIONAL AL CONGRESO.<\/figcaption><\/figure>\n\n\n\n<h2 class=\"wp-block-heading\">La posici\u00f3n de &#8220;Camau&#8221;<\/h2>\n\n\n\n<p>Por su parte, su par Carlos &#8220;Camau&#8221; Esp\u00ednola advirti\u00f3 que la nueva correlaci\u00f3n de fuerzas ser\u00e1 determinante. &#8220;Siempre va a ser un desaf\u00edo, por supuesto, por la nueva composici\u00f3n&#8221;, se\u00f1al\u00f3 en una entrevista radial. Consultado sobre un eventual rol futuro remarc\u00f3 su voluntad de acompa\u00f1ar la agenda provincial: &#8220;Si a Corrientes le sirve, voy a ayudar desde el lugar que ellos puedan&#8221;.<\/p>\n\n\n\n<p>Con las citaciones a las comisiones listas para salir en estos d\u00edas, el Senado se prepara para transitar un debate r\u00e1pido, intenso y con final a\u00fan incierto.<\/p>\n","protected":false},"excerpt":{"rendered":"<p>Tras el ingreso formal del proyecto enviado por el Gobierno, el oficialismo acelera el armado de comisiones para iniciar la discusi\u00f3n. La UCR pide &#8220;modernizar&#8221; el sistema y Uni\u00f3n por&hellip; <\/p>\n","protected":false},"author":3,"featured_media":239464,"comment_status":"closed","ping_status":"open","sticky":false,"template":"","format":"standard","meta":{"footnotes":""},"categories":[3],"tags":[],"class_list":["post-239458","post","type-post","status-publish","format-standard","has-post-thumbnail","hentry","category-politica"],"_links":{"self":[{"href":"https:\/\/corrientesdetarde.com\/index.php\/wp-json\/wp\/v2\/posts\/239458","targetHints":{"allow":["GET"]}}],"collection":[{"href":"https:\/\/corrientesdetarde.com\/index.php\/wp-json\/wp\/v2\/posts"}],"about":[{"href":"https:\/\/corrientesdetarde.com\/index.php\/wp-json\/wp\/v2\/types\/post"}],"author":[{"embeddable":true,"href":"https:\/\/corrientesdetarde.com\/index.php\/wp-json\/wp\/v2\/users\/3"}],"replies":[{"embeddable":true,"href":"https:\/\/corrientesdetarde.com\/index.php\/wp-json\/wp\/v2\/comments?post=239458"}],"version-history":[{"count":2,"href":"https:\/\/corrientesdetarde.com\/index.php\/wp-json\/wp\/v2\/posts\/239458\/revisions"}],"predecessor-version":[{"id":239487,"href":"https:\/\/corrientesdetarde.com\/index.php\/wp-json\/wp\/v2\/posts\/239458\/revisions\/239487"}],"wp:featuredmedia":[{"embeddable":true,"href":"https:\/\/corrientesdetarde.com\/index.php\/wp-json\/wp\/v2\/media\/239464"}],"wp:attachment":[{"href":"https:\/\/corrientesdetarde.com\/index.php\/wp-json\/wp\/v2\/media?parent=239458"}],"wp:term":[{"taxonomy":"category","embeddable":true,"href":"https:\/\/corrientesdetarde.com\/index.php\/wp-json\/wp\/v2\/categories?post=239458"},{"taxonomy":"post_tag","embeddable":true,"href":"https:\/\/corrientesdetarde.com\/index.php\/wp-json\/wp\/v2\/tags?post=239458"}],"curies":[{"name":"wp","href":"https:\/\/api.w.org\/{rel}","templated":true}]}}