{"id":239460,"date":"2025-12-12T09:00:15","date_gmt":"2025-12-12T12:00:15","guid":{"rendered":"https:\/\/corrientesdetarde.com\/?p=239460"},"modified":"2025-12-12T09:00:21","modified_gmt":"2025-12-12T12:00:21","slug":"en-loreto-revalorizaron-el-museo-artistico-mario-bofill","status":"publish","type":"post","link":"https:\/\/corrientesdetarde.com\/index.php\/cultura\/en-loreto-revalorizaron-el-museo-artistico-mario-bofill\/","title":{"rendered":"En Loreto revalorizaron el Museo Art\u00edstico &#8220;Mario Bofill&#8221;"},"content":{"rendered":"\n<p>La jornada fue organizada de forma conjunta entre la Municipalidad de Loreto y la Fundaci\u00f3n Mario Bofill. Incluy\u00f3 un circuito tur\u00edstico, un acto de puesta en valor y una pe\u00f1a, actividades que fueron acompa\u00f1adas por referentes culturales e intendentes de localidades aleda\u00f1as.<\/p>\n\n\n\n<p>Una jornada bien emotiva se vivi\u00f3 en la localidad correntina de Loreto con la revalorizaci\u00f3n del Museo Art\u00edstico Mario Bofill, actividad que incluy\u00f3 un circuito cultural y tur\u00edstico y una gran pe\u00f1a chamamecera con el acto central en el museo que fuera inaugurado en diciembre de 2020 por iniciativa de Anah\u00ed Moray.<\/p>\n\n\n\n<p>La jornada cultural convoc\u00f3 a m\u00fasicos como Luis Moulin, quien ofici\u00f3 de gu\u00eda del circuito tur\u00edstico y cultural bajo el nombre de &#8220;Vivencias, costumbres y personajes de Loreto&#8221; propuesto para la apertura de las actividades. El circuito recorri\u00f3 espacios emblem\u00e1ticos de Loreto vinculados a la vida y obra de Bofill, como el Museo de Arte Sacro, su casa natal y un moj\u00f3n con se\u00f1al\u00e9tica de &#8220;Cantalicio&#8221;, entre otros lugares.<\/p>\n\n\n\n<p>&#8220;Fue hermoso escuchar el relato alrededor de cada lugar que recorrimos, por su v\u00ednculo con la historia de pap\u00e1, volcada en sus canciones&#8221;, fueron las palabras de Fernando &#8220;Chingoli&#8221; Bofill. El circuito confluy\u00f3 en el Museo Art\u00edstico &#8220;Mario Bofill&#8221; donde mediante un acto de revalorizaci\u00f3n se dio acceso al p\u00fablico presente para un recorrido del acervo material alrededor de la figura de Bofill. Manuscritos, partituras, premios y reconocimientos, cartas, fotograf\u00edas y testimonios de diversos referentes de la cultura hacia Bofill exhibidos al p\u00fablico son parte del tesoro que resguarda actualmente el museo en su objetivo de preservar el legado del m\u00fasico y compositor correntino a la cultura y la m\u00fasica de Corrientes.<\/p>\n\n\n\n<p>Dijeron presente Julio C\u00e1ceres, Edgar Galarza Florent\u00edn, intendente electo de Mburucuy\u00e1; Jorge Meza, intendente de Ca\u00e1 Cat\u00ed; Norberto Villordo, intendente de Santa Luc\u00eda; Orlando Maidana, intendente de Loreto; y Joselo Schuap, secretario de Cultura de Misiones, adem\u00e1s de medios y vecinos.<\/p>\n\n\n\n<p>Chingoli manifest\u00f3: &#8220;Me quedo con el testimonio de los oradores. La presencia de todos me hizo entender que la revalorizaci\u00f3n es de suma importancia y todos los Bofill estamos eternamente agradecidos&#8221;.<\/p>\n\n\n\n<p>Tambi\u00e9n se destac\u00f3 el trabajo de Anah\u00ed Moray, compa\u00f1era de Bofill, promotora del museo desde la fundaci\u00f3n, por el rescate de la obra de Mario, y la conservaci\u00f3n de documentos como partituras, letras, reconocimientos a largo de su carrera musical, fotos inmortalizando momentos clave de su vida, adem\u00e1s de la labor realizada por Andr\u00e9s Rodr\u00edguez, para la preservaci\u00f3n del acervo material e inmaterial alrededor de la figura de Bofill.<\/p>\n\n\n\n<p>La emotiva jornada tuvo su cierre con una gran pe\u00f1a chamamecera de la cual particip\u00f3 el Ballet Oficial de la Municipalidad de Loreto, Edu Sc\u00f3fano y Los Bofill.<\/p>\n\n\n\n<figure class=\"wp-block-image\"><img decoding=\"async\" src=\"https:\/\/www.diarioepoca.com\/content\/bucket\/3\/1463603w380h212c.jpg.webp\" alt=\"\"\/><\/figure>\n\n\n\n<h2 class=\"wp-block-heading\">Museo Art\u00edstico Mario Bofill<\/h2>\n\n\n\n<p>Andr\u00e9s Rodr\u00edguez, loretano y cercano a la familia Bofill, fue una de las personas involucradas en la g\u00e9nesis del museo, con el objetivo de reunir y preservar el acervo cultural alrededor de la figura de Mario Bofill para dimensionar su aporte a la cultura y al chamam\u00e9.<\/p>\n\n\n\n<p>Con su inauguraci\u00f3n en 2020, y el aporte desde el \u00e1rea de Turismo de la cartera municipal con el circuito tur\u00edstico y cultural &#8220;Vivencias, Costumbres y Personajes de Loreto&#8221; y la actual revalorizaci\u00f3n del museo, el objetivo siguiente es profundizar en otras figuras inmortalizadas en las letras de Bofill. &#8220;Esta jornada no solo apel\u00f3 a lo emotivo, sino que tambi\u00e9n puso en primer plano las posibilidades que tiene Loreto a nivel tur\u00edstico y cultural, con importantes aportes a la econom\u00eda de la localidad correntina mediante la puesta en valor que ofrece el museo, el circuito y el pueblo en materia de oferta tur\u00edstica&#8221;, expres\u00f3 Rodr\u00edguez.<\/p>\n\n\n\n<p>Un dato no menor es que adem\u00e1s de la presencia del secretario de Cultura de la provincia de Misiones, Joselo Schuap, se hicieron presentes empresarios y representantes de turismo de la tierra colorada para lograr acuerdos en torno a la temporada estival a fines de incluir a Loreto como destino tur\u00edstico y cultural, motorizando as\u00ed la econom\u00eda de la localidad correntina.<\/p>\n\n\n\n<p>Durante diciembre, el museo funciona de lunes a s\u00e1bados de 9 a 12:30 con perspectivas de abrir por la tarde para los visitantes a partir del mes de enero, en coincidencia con la temporada de verano 2026.<\/p>\n","protected":false},"excerpt":{"rendered":"<p>La jornada fue organizada de forma conjunta entre la Municipalidad de Loreto y la Fundaci\u00f3n Mario Bofill. Incluy\u00f3 un circuito tur\u00edstico, un acto de puesta en valor y una pe\u00f1a,&hellip; <\/p>\n","protected":false},"author":3,"featured_media":239465,"comment_status":"closed","ping_status":"open","sticky":false,"template":"","format":"standard","meta":{"footnotes":""},"categories":[15],"tags":[],"class_list":["post-239460","post","type-post","status-publish","format-standard","has-post-thumbnail","hentry","category-cultura"],"_links":{"self":[{"href":"https:\/\/corrientesdetarde.com\/index.php\/wp-json\/wp\/v2\/posts\/239460","targetHints":{"allow":["GET"]}}],"collection":[{"href":"https:\/\/corrientesdetarde.com\/index.php\/wp-json\/wp\/v2\/posts"}],"about":[{"href":"https:\/\/corrientesdetarde.com\/index.php\/wp-json\/wp\/v2\/types\/post"}],"author":[{"embeddable":true,"href":"https:\/\/corrientesdetarde.com\/index.php\/wp-json\/wp\/v2\/users\/3"}],"replies":[{"embeddable":true,"href":"https:\/\/corrientesdetarde.com\/index.php\/wp-json\/wp\/v2\/comments?post=239460"}],"version-history":[{"count":1,"href":"https:\/\/corrientesdetarde.com\/index.php\/wp-json\/wp\/v2\/posts\/239460\/revisions"}],"predecessor-version":[{"id":239488,"href":"https:\/\/corrientesdetarde.com\/index.php\/wp-json\/wp\/v2\/posts\/239460\/revisions\/239488"}],"wp:featuredmedia":[{"embeddable":true,"href":"https:\/\/corrientesdetarde.com\/index.php\/wp-json\/wp\/v2\/media\/239465"}],"wp:attachment":[{"href":"https:\/\/corrientesdetarde.com\/index.php\/wp-json\/wp\/v2\/media?parent=239460"}],"wp:term":[{"taxonomy":"category","embeddable":true,"href":"https:\/\/corrientesdetarde.com\/index.php\/wp-json\/wp\/v2\/categories?post=239460"},{"taxonomy":"post_tag","embeddable":true,"href":"https:\/\/corrientesdetarde.com\/index.php\/wp-json\/wp\/v2\/tags?post=239460"}],"curies":[{"name":"wp","href":"https:\/\/api.w.org\/{rel}","templated":true}]}}