{"id":239481,"date":"2025-12-12T11:00:20","date_gmt":"2025-12-12T14:00:20","guid":{"rendered":"https:\/\/corrientesdetarde.com\/?p=239481"},"modified":"2025-12-12T11:00:22","modified_gmt":"2025-12-12T14:00:22","slug":"estos-son-los-secretarios-que-seran-parte-del-gabinete-de-claudio-polich","status":"publish","type":"post","link":"https:\/\/corrientesdetarde.com\/index.php\/politica\/estos-son-los-secretarios-que-seran-parte-del-gabinete-de-claudio-polich\/","title":{"rendered":"Estos son los secretarios que ser\u00e1n parte del Gabinete de Claudio Polich"},"content":{"rendered":"\n<p>Los nuevos funcionarios asumir\u00e1n hoy como parte del gobierno encabezado por el intendente Polich.&nbsp;<\/p>\n\n\n\n<p>Minutos antes de la asunci\u00f3n del intendente capitalino, Claudio Polich, Radio Dos tuvo acceso a algunos de los nombres de los funcionarios que integrar\u00e1n su Gabinete municipal.&nbsp;<\/p>\n\n\n\n<p>Entre los secretarios que conformar\u00e1n el Gabinete de la Municipalidad de Corrientes, que jurar\u00e1n hoy, figuran:<\/p>\n\n\n\n<p>Juan G\u00f3mez de la Fuente, secretario de Obras P\u00fablicas<\/p>\n\n\n\n<p>Lucas Carballo, secretario de Desarrollo Humano<\/p>\n\n\n\n<p>Jorge Carlos Suaid, secretario de Hacienda<\/p>\n\n\n\n<p>Keren Anderson, secretaria de Cultura y Educaci\u00f3n<\/p>\n\n\n\n<p>Jos\u00e9 Sand, secretario de Turismo y Deportes&nbsp;<\/p>\n\n\n\n<p>Yamand\u00fa Barrios, secretario de Movilidad y Seguridad Ciudadana<\/p>\n\n\n\n<p>Florencia Ojeda, secretaria General,&nbsp;<\/p>\n\n\n\n<p>&nbsp;Rafael Edwin Corona, secretario de Salud<\/p>\n\n\n\n<p>Ignacio Maldonado Yonna, secretario de Servicios P\u00fablicos<\/p>\n\n\n\n<p>Francisco Jaime, Servicio Jur\u00eddico Permanente<\/p>\n\n\n\n<p>H\u00e9ctor Torres, secretar\u00eda de Pol\u00edtica Institucional&nbsp;<\/p>\n","protected":false},"excerpt":{"rendered":"<p>Los nuevos funcionarios asumir\u00e1n hoy como parte del gobierno encabezado por el intendente Polich.&nbsp; Minutos antes de la asunci\u00f3n del intendente capitalino, Claudio Polich, Radio Dos tuvo acceso a algunos&hellip; <\/p>\n","protected":false},"author":3,"featured_media":239484,"comment_status":"closed","ping_status":"open","sticky":false,"template":"","format":"standard","meta":{"footnotes":""},"categories":[3],"tags":[],"class_list":["post-239481","post","type-post","status-publish","format-standard","has-post-thumbnail","hentry","category-politica"],"_links":{"self":[{"href":"https:\/\/corrientesdetarde.com\/index.php\/wp-json\/wp\/v2\/posts\/239481","targetHints":{"allow":["GET"]}}],"collection":[{"href":"https:\/\/corrientesdetarde.com\/index.php\/wp-json\/wp\/v2\/posts"}],"about":[{"href":"https:\/\/corrientesdetarde.com\/index.php\/wp-json\/wp\/v2\/types\/post"}],"author":[{"embeddable":true,"href":"https:\/\/corrientesdetarde.com\/index.php\/wp-json\/wp\/v2\/users\/3"}],"replies":[{"embeddable":true,"href":"https:\/\/corrientesdetarde.com\/index.php\/wp-json\/wp\/v2\/comments?post=239481"}],"version-history":[{"count":1,"href":"https:\/\/corrientesdetarde.com\/index.php\/wp-json\/wp\/v2\/posts\/239481\/revisions"}],"predecessor-version":[{"id":239503,"href":"https:\/\/corrientesdetarde.com\/index.php\/wp-json\/wp\/v2\/posts\/239481\/revisions\/239503"}],"wp:featuredmedia":[{"embeddable":true,"href":"https:\/\/corrientesdetarde.com\/index.php\/wp-json\/wp\/v2\/media\/239484"}],"wp:attachment":[{"href":"https:\/\/corrientesdetarde.com\/index.php\/wp-json\/wp\/v2\/media?parent=239481"}],"wp:term":[{"taxonomy":"category","embeddable":true,"href":"https:\/\/corrientesdetarde.com\/index.php\/wp-json\/wp\/v2\/categories?post=239481"},{"taxonomy":"post_tag","embeddable":true,"href":"https:\/\/corrientesdetarde.com\/index.php\/wp-json\/wp\/v2\/tags?post=239481"}],"curies":[{"name":"wp","href":"https:\/\/api.w.org\/{rel}","templated":true}]}}