{"id":239511,"date":"2025-12-12T12:38:40","date_gmt":"2025-12-12T15:38:40","guid":{"rendered":"https:\/\/corrientesdetarde.com\/?p=239511"},"modified":"2025-12-12T17:35:40","modified_gmt":"2025-12-12T20:35:40","slug":"el-martes-16-de-diciembre-empieza-el-pago-del-medio-aguinaldo-para-la-administracion-publica","status":"publish","type":"post","link":"https:\/\/corrientesdetarde.com\/index.php\/actualidad\/el-martes-16-de-diciembre-empieza-el-pago-del-medio-aguinaldo-para-la-administracion-publica\/","title":{"rendered":"Aguinaldos: el Gobierno de Corrientes comunic\u00f3 el cronograma de pagos para trabajadores provinciales activos y pasivos"},"content":{"rendered":"\n<p>Desde sus distintas redes oficiales, el Gobierno de Corrientes &nbsp;inform\u00f3 este viernes c\u00f3mo ser\u00e1 el cronograma de pagos del medio aguinaldo correspondiente al segundo semestre.<\/p>\n\n\n\n<p>As\u00ed es que cobrar\u00e1n por terminaci\u00f3n de DNI, a partir del&nbsp;martes 16 ser\u00e1 el turno de&nbsp;0 y 1; mi\u00e9rcoles 17 los n\u00fameros terminados en&nbsp;2 y 3; jueves 18 para los&nbsp;4 y 5; el&nbsp;viernes 19 para las terminaciones en&nbsp;6 y 7 y el&nbsp;lunes 22 concluir\u00e1 con las terminaciones&nbsp;8 y 9.<\/p>\n\n\n\n<p>Cabe se\u00f1alar que a quienes les corresponde cobrar el lunes, ya tendr\u00e1n disponible el respectivo haber en cajeros autom\u00e1ticos, el s\u00e1bado 20.<\/p>\n\n\n\n<p><\/p>\n\n\n\n<p><\/p>\n\n\n\n<p><\/p>\n\n\n\n<p><\/p>\n","protected":false},"excerpt":{"rendered":"<p>Desde sus distintas redes oficiales, el Gobierno de Corrientes &nbsp;inform\u00f3 este viernes c\u00f3mo ser\u00e1 el cronograma de pagos del medio aguinaldo correspondiente al segundo semestre. As\u00ed es que cobrar\u00e1n por&hellip; <\/p>\n","protected":false},"author":1,"featured_media":239517,"comment_status":"closed","ping_status":"open","sticky":false,"template":"","format":"standard","meta":{"footnotes":""},"categories":[23],"tags":[],"class_list":["post-239511","post","type-post","status-publish","format-standard","has-post-thumbnail","hentry","category-actualidad"],"_links":{"self":[{"href":"https:\/\/corrientesdetarde.com\/index.php\/wp-json\/wp\/v2\/posts\/239511","targetHints":{"allow":["GET"]}}],"collection":[{"href":"https:\/\/corrientesdetarde.com\/index.php\/wp-json\/wp\/v2\/posts"}],"about":[{"href":"https:\/\/corrientesdetarde.com\/index.php\/wp-json\/wp\/v2\/types\/post"}],"author":[{"embeddable":true,"href":"https:\/\/corrientesdetarde.com\/index.php\/wp-json\/wp\/v2\/users\/1"}],"replies":[{"embeddable":true,"href":"https:\/\/corrientesdetarde.com\/index.php\/wp-json\/wp\/v2\/comments?post=239511"}],"version-history":[{"count":2,"href":"https:\/\/corrientesdetarde.com\/index.php\/wp-json\/wp\/v2\/posts\/239511\/revisions"}],"predecessor-version":[{"id":239540,"href":"https:\/\/corrientesdetarde.com\/index.php\/wp-json\/wp\/v2\/posts\/239511\/revisions\/239540"}],"wp:featuredmedia":[{"embeddable":true,"href":"https:\/\/corrientesdetarde.com\/index.php\/wp-json\/wp\/v2\/media\/239517"}],"wp:attachment":[{"href":"https:\/\/corrientesdetarde.com\/index.php\/wp-json\/wp\/v2\/media?parent=239511"}],"wp:term":[{"taxonomy":"category","embeddable":true,"href":"https:\/\/corrientesdetarde.com\/index.php\/wp-json\/wp\/v2\/categories?post=239511"},{"taxonomy":"post_tag","embeddable":true,"href":"https:\/\/corrientesdetarde.com\/index.php\/wp-json\/wp\/v2\/tags?post=239511"}],"curies":[{"name":"wp","href":"https:\/\/api.w.org\/{rel}","templated":true}]}}