{"id":239519,"date":"2025-12-12T12:39:48","date_gmt":"2025-12-12T15:39:48","guid":{"rendered":"https:\/\/corrientesdetarde.com\/?p=239519"},"modified":"2025-12-12T17:37:10","modified_gmt":"2025-12-12T20:37:10","slug":"reunion-por-el-presupuesto-2026","status":"publish","type":"post","link":"https:\/\/corrientesdetarde.com\/index.php\/locales\/reunion-por-el-presupuesto-2026\/","title":{"rendered":"Reuni\u00f3n por el Presupuesto 2026"},"content":{"rendered":"\n<p>El viernes por la ma\u00f1ana, el vicegobernador Pedro Braillard Poccard, junto al presidente de la Comisi\u00f3n de Hacienda y Presupuesto, Noel Breard, y varios senadores, mantuvieron una reuni\u00f3n en el Sal\u00f3n de Acuerdos de la Legislatura provincial con el ministro de Hacienda, Marcelo Rivas Piasentini, el subsecretario de Finanzas, H\u00e9ctor Ricardo Grachot, y el director de Cr\u00e9dito P\u00fablico, Daniel Insaurralde. El encuentro tuvo como objetivo interiorizarse sobre los lineamientos del Presupuesto 2025.<\/p>\n\n\n\n<p>Al finalizar el encuentro, se decidi\u00f3 en conjunto mantener una nueva reuni\u00f3n la semana entrante.<\/p>\n\n\n\n<figure class=\"wp-block-image size-full\"><img loading=\"lazy\" decoding=\"async\" width=\"939\" height=\"602\" src=\"https:\/\/corrientesdetarde.com\/wp-content\/uploads\/2025\/12\/image-304.png\" alt=\"\" class=\"wp-image-239523\" srcset=\"https:\/\/corrientesdetarde.com\/wp-content\/uploads\/2025\/12\/image-304.png 939w, https:\/\/corrientesdetarde.com\/wp-content\/uploads\/2025\/12\/image-304-300x192.png 300w, https:\/\/corrientesdetarde.com\/wp-content\/uploads\/2025\/12\/image-304-768x492.png 768w\" sizes=\"auto, (max-width: 939px) 100vw, 939px\" \/><\/figure>\n\n\n\n<figure class=\"wp-block-image size-full\"><img loading=\"lazy\" decoding=\"async\" width=\"955\" height=\"627\" src=\"https:\/\/corrientesdetarde.com\/wp-content\/uploads\/2025\/12\/image-302.png\" alt=\"\" class=\"wp-image-239521\" srcset=\"https:\/\/corrientesdetarde.com\/wp-content\/uploads\/2025\/12\/image-302.png 955w, https:\/\/corrientesdetarde.com\/wp-content\/uploads\/2025\/12\/image-302-300x197.png 300w, https:\/\/corrientesdetarde.com\/wp-content\/uploads\/2025\/12\/image-302-768x504.png 768w\" sizes=\"auto, (max-width: 955px) 100vw, 955px\" \/><\/figure>\n","protected":false},"excerpt":{"rendered":"<p>El viernes por la ma\u00f1ana, el vicegobernador Pedro Braillard Poccard, junto al presidente de la Comisi\u00f3n de Hacienda y Presupuesto, Noel Breard, y varios senadores, mantuvieron una reuni\u00f3n en el&hellip; <\/p>\n","protected":false},"author":1,"featured_media":239522,"comment_status":"closed","ping_status":"open","sticky":false,"template":"","format":"standard","meta":{"footnotes":""},"categories":[1208,8],"tags":[],"class_list":["post-239519","post","type-post","status-publish","format-standard","has-post-thumbnail","hentry","category-eventossociedad","category-locales"],"_links":{"self":[{"href":"https:\/\/corrientesdetarde.com\/index.php\/wp-json\/wp\/v2\/posts\/239519","targetHints":{"allow":["GET"]}}],"collection":[{"href":"https:\/\/corrientesdetarde.com\/index.php\/wp-json\/wp\/v2\/posts"}],"about":[{"href":"https:\/\/corrientesdetarde.com\/index.php\/wp-json\/wp\/v2\/types\/post"}],"author":[{"embeddable":true,"href":"https:\/\/corrientesdetarde.com\/index.php\/wp-json\/wp\/v2\/users\/1"}],"replies":[{"embeddable":true,"href":"https:\/\/corrientesdetarde.com\/index.php\/wp-json\/wp\/v2\/comments?post=239519"}],"version-history":[{"count":1,"href":"https:\/\/corrientesdetarde.com\/index.php\/wp-json\/wp\/v2\/posts\/239519\/revisions"}],"predecessor-version":[{"id":239524,"href":"https:\/\/corrientesdetarde.com\/index.php\/wp-json\/wp\/v2\/posts\/239519\/revisions\/239524"}],"wp:featuredmedia":[{"embeddable":true,"href":"https:\/\/corrientesdetarde.com\/index.php\/wp-json\/wp\/v2\/media\/239522"}],"wp:attachment":[{"href":"https:\/\/corrientesdetarde.com\/index.php\/wp-json\/wp\/v2\/media?parent=239519"}],"wp:term":[{"taxonomy":"category","embeddable":true,"href":"https:\/\/corrientesdetarde.com\/index.php\/wp-json\/wp\/v2\/categories?post=239519"},{"taxonomy":"post_tag","embeddable":true,"href":"https:\/\/corrientesdetarde.com\/index.php\/wp-json\/wp\/v2\/tags?post=239519"}],"curies":[{"name":"wp","href":"https:\/\/api.w.org\/{rel}","templated":true}]}}