{"id":239558,"date":"2025-12-12T23:22:37","date_gmt":"2025-12-13T02:22:37","guid":{"rendered":"https:\/\/corrientesdetarde.com\/?p=239558"},"modified":"2025-12-12T23:22:51","modified_gmt":"2025-12-13T02:22:51","slug":"un-auto-volco-y-cayo-a-un-arroyo-por-el-mal-estado-de-la-autovia-de-ruta-14","status":"publish","type":"post","link":"https:\/\/corrientesdetarde.com\/index.php\/actualidad\/un-auto-volco-y-cayo-a-un-arroyo-por-el-mal-estado-de-la-autovia-de-ruta-14\/","title":{"rendered":"Un auto volc\u00f3 y cay\u00f3 a un arroyo por el mal estado de la Autov\u00eda de Ruta 14"},"content":{"rendered":"\n<p>Ocurri\u00f3 alrededor de las 19:30 del jueves en el kil\u00f3metro 352 de la Autov\u00eda &#8220;Gervasio Artigas&#8221;. El hecho de transito fue alertado al cartel de Bomberos Voluntarios de la localidad de Mocoret\u00e1.<\/p>\n\n\n\n<p>Al arribar al lugar, se constata que se trataba de un autom\u00f3vil Toyota Corolla h\u00edbrido que circulaba en sentido Sur\u2013Norte y que, debido al estado de la ruta y las condiciones clim\u00e1ticas, despist\u00f3 y volc\u00f3 en el arroyo Negro.<\/p>\n\n\n\n<p>Sus dos ocupantes hab\u00edan logrado salir del veh\u00edculo por sus propios medios y no presentaban lesiones aparentes.<\/p>\n\n\n\n<p>Sin embargo, fueron trasladados al Hospital esa ciudad del sur correntino para su evaluaci\u00f3n preventiva.<\/p>\n\n\n\n<figure class=\"wp-block-image\"><img decoding=\"async\" src=\"https:\/\/www.radiodos.com.ar\/content\/bucket\/6\/277406w790h445c.webp.webp\" alt=\"\"\/><\/figure>\n","protected":false},"excerpt":{"rendered":"<p>Ocurri\u00f3 alrededor de las 19:30 del jueves en el kil\u00f3metro 352 de la Autov\u00eda &#8220;Gervasio Artigas&#8221;. El hecho de transito fue alertado al cartel de Bomberos Voluntarios de la localidad&hellip; <\/p>\n","protected":false},"author":4,"featured_media":239562,"comment_status":"closed","ping_status":"open","sticky":false,"template":"","format":"standard","meta":{"footnotes":""},"categories":[23,33],"tags":[],"class_list":["post-239558","post","type-post","status-publish","format-standard","has-post-thumbnail","hentry","category-actualidad","category-policiales"],"_links":{"self":[{"href":"https:\/\/corrientesdetarde.com\/index.php\/wp-json\/wp\/v2\/posts\/239558","targetHints":{"allow":["GET"]}}],"collection":[{"href":"https:\/\/corrientesdetarde.com\/index.php\/wp-json\/wp\/v2\/posts"}],"about":[{"href":"https:\/\/corrientesdetarde.com\/index.php\/wp-json\/wp\/v2\/types\/post"}],"author":[{"embeddable":true,"href":"https:\/\/corrientesdetarde.com\/index.php\/wp-json\/wp\/v2\/users\/4"}],"replies":[{"embeddable":true,"href":"https:\/\/corrientesdetarde.com\/index.php\/wp-json\/wp\/v2\/comments?post=239558"}],"version-history":[{"count":1,"href":"https:\/\/corrientesdetarde.com\/index.php\/wp-json\/wp\/v2\/posts\/239558\/revisions"}],"predecessor-version":[{"id":239565,"href":"https:\/\/corrientesdetarde.com\/index.php\/wp-json\/wp\/v2\/posts\/239558\/revisions\/239565"}],"wp:featuredmedia":[{"embeddable":true,"href":"https:\/\/corrientesdetarde.com\/index.php\/wp-json\/wp\/v2\/media\/239562"}],"wp:attachment":[{"href":"https:\/\/corrientesdetarde.com\/index.php\/wp-json\/wp\/v2\/media?parent=239558"}],"wp:term":[{"taxonomy":"category","embeddable":true,"href":"https:\/\/corrientesdetarde.com\/index.php\/wp-json\/wp\/v2\/categories?post=239558"},{"taxonomy":"post_tag","embeddable":true,"href":"https:\/\/corrientesdetarde.com\/index.php\/wp-json\/wp\/v2\/tags?post=239558"}],"curies":[{"name":"wp","href":"https:\/\/api.w.org\/{rel}","templated":true}]}}