{"id":239624,"date":"2025-12-13T10:20:00","date_gmt":"2025-12-13T13:20:00","guid":{"rendered":"https:\/\/corrientesdetarde.com\/?p=239624"},"modified":"2025-12-13T10:30:44","modified_gmt":"2025-12-13T13:30:44","slug":"los-reproches-internos-y-dudas-que-dejo-la-asuncion-del-nuevo-presidente-de-la-ucr","status":"publish","type":"post","link":"https:\/\/corrientesdetarde.com\/index.php\/politica\/los-reproches-internos-y-dudas-que-dejo-la-asuncion-del-nuevo-presidente-de-la-ucr\/","title":{"rendered":"Los reproches internos y dudas que dej\u00f3 la asunci\u00f3n del nuevo presidente de la UCR."},"content":{"rendered":"\n<h2 class=\"wp-block-heading\">La asunci\u00f3n de Leonel Chiarella rompi\u00f3 con la liturgia radical de debates eternos y denuncias cruzadas. La inc\u00f3gnita sobre el v\u00ednculo con Javier Milei y el peligro hacia 2027.<\/h2>\n\n\n\n<p>La asunci\u00f3n de\u00a0<strong>Leonel Chiarella<\/strong>\u00a0como presidente de la UCR\u00a0se dio en un clima at\u00edpico para la\u00a0<strong>liturgia radical<\/strong>: no hubo cruces, reclamos ni las cl\u00e1sicas acusaciones de interna. Todo se resolvi\u00f3 en pocas horas y el ambiente fue, incluso, familiar. Tan distendido fue el evento que nadie controlaba el ingreso al sector de los delegados.\u00a0<strong>\u201cYa entra cualquiera\u201d, bromeaban algunos<\/strong>, que tambi\u00e9n advert\u00edan por la ausencia de dirigentes de peso. El \u00fanico contrapunto que se despert\u00f3 fue con<strong>\u00a0Alfredo Cornejo\u00a0<\/strong>y\u00a0<strong>Leandro Zdero<\/strong>, quienes decidieron no integrar la mesa de conducci\u00f3n.<\/p>\n\n\n\n<p><strong>\u201cDecile a Cornejo: \u2018Afuera\u2019\u201d<\/strong>, expres\u00f3 exaltado un viejo operador radical cercano a&nbsp;<strong>Gerardo Morales<\/strong>, en un tono que imit\u00f3 el cl\u00e1sico grito de Javier Milei. Al gobernador mendocino lo acusan de querer \u201centregarle\u201d el partido a La Libertad Avanza a partir de la alianza que conform\u00f3 en su provincia en la \u00faltima elecci\u00f3n legislativa. Todav\u00eda le recuerdan su rol en el \u201cGrupo Malbec\u201d, el nombre elegido \u2014a modo despectivo\u2014 para bautizar la foto con<strong>&nbsp;Patricia Bullrich&nbsp;<\/strong>en la Vendimia de 2023, que gest\u00f3 la divisi\u00f3n entre palomas y halcones dentro de lo que supo ser Juntos por el Cambio.<\/p>\n\n\n\n<p>Seg\u00fan se pudo saber, Cornejo lleg\u00f3 a las oficinas del Comit\u00e9 Nacional minutos antes de que se votara al nuevo presidente. Nadie lo vio ingresar, pero se reuni\u00f3 en una de las salas privadas con\u00a0<strong>Maximiliano Pullaro<\/strong>,\u00a0<strong>Gerardo Morales<\/strong>,<strong>\u00a0Gustavo Vald\u00e9s<\/strong>,<strong>\u00a0Mart\u00edn Lousteau\u00a0<\/strong>y<strong>\u00a0Chiarella<\/strong>. Su objeci\u00f3n no fue al nombre del candidato sino al destino del partido: se neg\u00f3 a que la UCR est\u00e9 integrada a Provincias Unidas. Al igual que en el Congreso, el mendocino considera que los bloques deben permanecer puros, sin aliados. \u201cYa habr\u00e1 tiempo para eso en 2027\u201d, habr\u00eda dicho en la reuni\u00f3n.<\/p>\n\n\n\n<p>No hubo una objeci\u00f3n de Cornejo hacia la postulaci\u00f3n de Chiarella, aunque en su entorno lo definieron como un \u201ccandidato de compromiso\u201d, ya que su nombre surgi\u00f3 tras una larga lista de dirigentes que rechazaron tomar las riendas del partido. El \u00fanico que hab\u00eda quedado en carrera era Vald\u00e9s, pero se neg\u00f3 hasta \u00faltimo momento. El intendente de Venado Tuerto fue propuesto por Pullaro y avalado por el resto de los correligionarios que ven en Provincias Unidas una alternativa para 2027.<\/p>\n\n\n\n<p>En la reuni\u00f3n le habr\u00edan asegurado al mendocino que buscan darle a la UCR un perfil opositor a la Casa Rosada, una caracter\u00edstica que no sorprende en Lousteau y Morales, pero s\u00ed en Pullaro y Vald\u00e9s. De hecho, los gobernadores crearon Provincias Unidas para construir una alternativa de centro: sin enfrentar al Gobierno, pero tampoco&nbsp;<strong>convirti\u00e9ndose<\/strong>&nbsp;en \u201cpelucas\u201d, como ocurri\u00f3 con los diputados&nbsp;<strong>Mariano Campero&nbsp;<\/strong>y<strong>&nbsp;Luis Picat<\/strong>, entre otros. Dicen que Cornejo se ri\u00f3 en su entorno por el supuesto rol confrontativo que le prometieron. \u201c\u00bfCu\u00e1nto quieren apostar a que van a votarle el Presupuesto y la reforma laboral al Gobierno?\u201d, habr\u00eda dicho.<\/p>\n\n\n\n<p>Justamente, Chiarella fue consultado por este medio sobre la postura de la UCR frente a la reforma laboral que acaba de enviar el Presidente al Congreso.&nbsp;<strong>\u201cTiene que haber una modernizaci\u00f3n\u201d<\/strong>, adelant\u00f3, y agreg\u00f3: \u201cEn la Argentina no puede pasar que una pyme o un comercio no quiera tomar un trabajador por la carga impositiva o por la industria del juicio\u201d. Tambi\u00e9n se refiri\u00f3 al perfil que busca para el partido:<strong>&nbsp;\u201cTenemos en claro lo que no queremos\u201d<\/strong>. En pocas palabras, carg\u00f3 contra el kirchnerismo y adelant\u00f3 que acompa\u00f1ar\u00e1n al Gobierno en aquello con lo que est\u00e9n de acuerdo.<img loading=\"lazy\" decoding=\"async\" alt=\"Alfredo Cornejo estuvo presente en\" height=\"904\" src=\"https:\/\/www.infobae.com\/resizer\/v2\/6CGVCIO7VBDRHIII7NMDSQDQEE.jfif?auth=f101fa28942988d1edce2477d28fc5f4e79c7c1bd376d46fb6bdb3b0ec0dd15f&amp;smart=true&amp;width=350&amp;height=261&amp;quality=85\" width=\"1212\">Alfredo Cornejo estuvo presente en el triunfo de los hermanos Vald\u00e9s en Corrientes. Lograron ponerse de acuerdo en la conformaci\u00f3n de los bloques del Congreso pero no para el Comit\u00e9 Nacional<\/p>\n\n\n\n<p><strong>\u201cLa UCR necesita un candidato a presidente\u201d<\/strong>, reclam\u00f3 con preocupaci\u00f3n un correligionario que se mueve por fuera de las internas de los gobernadores. Su advertencia fue m\u00e1s un diagn\u00f3stico de lo que se viene. En un partido atravesado por una crisis de rumbo y con una fuerte p\u00e9rdida de peso parlamentario, la disputa que se avecina en 2027 puede profundizar el deterioro.<\/p>\n\n\n\n<p>Los cinco gobernadores enfrentan el mismo problema: comparten electorado con La Libertad Avanza.&nbsp;<strong>\u201cSi alguno de ellos quiere hacer oposici\u00f3n, el Gobierno ya les va a instalar un candidato propio\u201d<\/strong>, ejemplific\u00f3 el mismo dirigente, preocupado por el desgaste del partido. Sin una figura que unifique, seg\u00fan su mirada, en 2027 algunos terminar\u00e1n alineados con la propuesta oficialista y otros no tendr\u00e1n m\u00e1s remedio que acordar con lo que surja de un peronismo tambi\u00e9n golpeado, con el riesgo de perder algunas de las cinco provincias que hoy gobierna la UCR.<\/p>\n\n\n\n<p>La mirada de los impulsores de Provincias Unidas es m\u00e1s optimista. \u201cCornejo sabe que Milei es paloma de iglesia. Lo va a cagar s\u00ed o s\u00ed\u201d, sostienen. Aunque la experiencia electoral fue fallida, aseguran que es la mejor herramienta para defender los intereses de sus territorios. Tambi\u00e9n la ven como una ventana ante las dudas que despierta el plan econ\u00f3mico de la Casa Rosada, donde observan un marcado deterioro en los sectores productivos.<\/p>\n\n\n\n<p>Por lo pronto, la ausencia de resistencia al nuevo titular de la UCR abre un camino de oportunidades. Chiarella prometi\u00f3 recorrer todo el pa\u00eds en busca de acercar posiciones y&nbsp;<strong>restablecer<\/strong>&nbsp;los lazos rotos de los \u00faltimos a\u00f1os, un escenario que muchos le atribuyen a Mart\u00edn Lousteau. El joven intendente no tiene historial que lo vincule a&nbsp;<strong>ninguna<\/strong>&nbsp;derrota electoral ni a alianzas fracasadas. Sin embargo, deber\u00e1 responder a sus padrinos pol\u00edticos, que ya comenzaron a definir el futuro del partido.<\/p>\n\n\n\n<p><br><\/p>\n","protected":false},"excerpt":{"rendered":"<p>La asunci\u00f3n de Leonel Chiarella rompi\u00f3 con la liturgia radical de debates eternos y denuncias cruzadas. La inc\u00f3gnita sobre el v\u00ednculo con Javier Milei y el peligro hacia 2027. La&hellip; <\/p>\n","protected":false},"author":6,"featured_media":239630,"comment_status":"closed","ping_status":"open","sticky":false,"template":"","format":"standard","meta":{"footnotes":""},"categories":[3],"tags":[],"class_list":["post-239624","post","type-post","status-publish","format-standard","has-post-thumbnail","hentry","category-politica"],"_links":{"self":[{"href":"https:\/\/corrientesdetarde.com\/index.php\/wp-json\/wp\/v2\/posts\/239624","targetHints":{"allow":["GET"]}}],"collection":[{"href":"https:\/\/corrientesdetarde.com\/index.php\/wp-json\/wp\/v2\/posts"}],"about":[{"href":"https:\/\/corrientesdetarde.com\/index.php\/wp-json\/wp\/v2\/types\/post"}],"author":[{"embeddable":true,"href":"https:\/\/corrientesdetarde.com\/index.php\/wp-json\/wp\/v2\/users\/6"}],"replies":[{"embeddable":true,"href":"https:\/\/corrientesdetarde.com\/index.php\/wp-json\/wp\/v2\/comments?post=239624"}],"version-history":[{"count":1,"href":"https:\/\/corrientesdetarde.com\/index.php\/wp-json\/wp\/v2\/posts\/239624\/revisions"}],"predecessor-version":[{"id":239632,"href":"https:\/\/corrientesdetarde.com\/index.php\/wp-json\/wp\/v2\/posts\/239624\/revisions\/239632"}],"wp:featuredmedia":[{"embeddable":true,"href":"https:\/\/corrientesdetarde.com\/index.php\/wp-json\/wp\/v2\/media\/239630"}],"wp:attachment":[{"href":"https:\/\/corrientesdetarde.com\/index.php\/wp-json\/wp\/v2\/media?parent=239624"}],"wp:term":[{"taxonomy":"category","embeddable":true,"href":"https:\/\/corrientesdetarde.com\/index.php\/wp-json\/wp\/v2\/categories?post=239624"},{"taxonomy":"post_tag","embeddable":true,"href":"https:\/\/corrientesdetarde.com\/index.php\/wp-json\/wp\/v2\/tags?post=239624"}],"curies":[{"name":"wp","href":"https:\/\/api.w.org\/{rel}","templated":true}]}}