{"id":239639,"date":"2025-12-13T11:09:34","date_gmt":"2025-12-13T14:09:34","guid":{"rendered":"https:\/\/corrientesdetarde.com\/?p=239639"},"modified":"2025-12-13T11:10:05","modified_gmt":"2025-12-13T14:10:05","slug":"creatividad-inspiracion-y-liderazgo-emprendedor","status":"publish","type":"post","link":"https:\/\/corrientesdetarde.com\/index.php\/eventossociedad\/creatividad-inspiracion-y-liderazgo-emprendedor\/","title":{"rendered":"CREATIVIDAD, INSPIRACI\u00d3N Y LIDERAZGO EMPRENDEDOR."},"content":{"rendered":"\n<h2 class=\"wp-block-heading\">Braillard Poccard inaugur\u00f3 la charla \u201cDise\u00f1ar la Mejor Publicidad del Mundo\u201d.<\/h2>\n\n\n\n<p>Con un auditorio colmado en el Consejo Profesional de Ingenier\u00eda, Arquitectura y Agrimensura, se desarroll\u00f3 la charla \u201cDise\u00f1ar la Mejor Publicidad del Mundo\u201d, un encuentro que reuni\u00f3 a figuras destacadas de la comunicaci\u00f3n, el marketing, el arte y el emprendedurismo regional e internacional.<br>El evento fue presidido por el vicegobernador Pedro Braillard Poccard y cont\u00f3 con la participaci\u00f3n de Jos\u00e9 Daniel Nasta, reconocido publicista paraguayo; Pablo Boue, empresario correntino y cofundador de Alucinna; Lisandro Enciso Piazza, director de Operaciones de Granja Santa Ana; y la presencia destacada de Luis Niveyro, presidente de la Asociaci\u00f3n de Amigos del Museo de Arte Contempor\u00e1neo \u00d1ande MAC, quien abri\u00f3 la jornada como primer expositor del panel.<br>La actividad fue organizada por la Direcci\u00f3n de Emprendedores (Deitec), Senado Joven y la C\u00e1mara de Senadores, con el objetivo de ofrecer un espacio para \u201cinspirarse, ampliar perspectivas y fortalecer v\u00ednculos con referentes del sector\u201d, mediante una din\u00e1mica de intercambio profesional.<\/p>\n\n\n\n<p><em>Vicegobernaci\u00f3n: acompa\u00f1ar y facilitar el camino del que emprende<\/em><\/p>\n\n\n\n<p>En la apertura, el vicegobernador Pedro Braillard Poccard resalt\u00f3 el rol protag\u00f3nico del emprendedor en el desarrollo de Corrientes: \u201cEstamos cerrando un a\u00f1o de intensa actividad, acompa\u00f1ando y facilitando el camino de quienes tuvieron la decisi\u00f3n, la creatividad y el coraje de emprender\u201d.<br>Asimismo, destac\u00f3 la importancia del Estado como herramienta de apoyo: \u201cUno de los grandes desaf\u00edos de la Argentina actual es que cada uno pueda avanzar. El deber de las estructuras gubernamentales es facilitarlo. El gobierno debe ser un instrumento de ayuda para quienes inician una actividad\u201d.<br>Braillard Poccard agradeci\u00f3 la presencia de los conferencistas, a quienes calific\u00f3 como \u201cprestigiosos y valiosos referentes que hoy vienen a iluminarnos con experiencias importantes\u201d.<br><\/p>\n\n\n\n<p><em>Luis Niveyro: arte, emprendedurismo y patrimonio cultural<\/em><br><\/p>\n\n\n\n<p>El primer expositor del panel fue Luis Niveyro, artista pl\u00e1stico, coleccionista y presidente de la Asociaci\u00f3n de Amigos del Museo de Arte Contempor\u00e1neo \u00d1ande MAC. Su intervenci\u00f3n marc\u00f3 un inicio reflexivo y profundamente inspirador al vincular la creatividad con el esp\u00edritu emprendedor.<br>Niveyro traz\u00f3 un paralelismo entre la evoluci\u00f3n del aprendizaje y la necesidad de desarrollar autonom\u00eda creativa: \u201cEn la revoluci\u00f3n industrial aprend\u00edamos por repetici\u00f3n. Nos preparaban para ser obreros o empleados, para depender de un sueldo. Por suerte evolucionamos, y descubrimos que dentro de cada uno hay un potente emprendedor\u201d.<br>Dirigi\u00e9ndose especialmente a los j\u00f3venes, remarc\u00f3: \u201cTodos deben ser sus propios emprendedores y formar sus propias empresas. No depender de nadie. All\u00ed est\u00e1 el futuro\u201d.<br>Posteriormente, introdujo conceptos centrales de su disertaci\u00f3n titulada \u201cArte y patrimonio estrat\u00e9gico: finanzas, legado y mercado global\u201d, destacando la creciente relevancia econ\u00f3mica del arte: \u201cEl mercado del arte contempor\u00e1neo y moderno se consolid\u00f3 como un territorio donde convergen valor cultural, sofisticaci\u00f3n financiera y estrategias patrimoniales. Obras \u00fanicas se transforman en activos capaces de ofrecer alternativas a los veh\u00edculos tradicionales de inversi\u00f3n\u201d.<br><\/p>\n\n\n\n<p><em>Pablo Boue: del esfuerzo familiar al e-commerce<\/em><br><\/p>\n\n\n\n<p>El emprendedor correntino Pablo Boue comparti\u00f3 un relato cargado de emociones, donde los sacrificios familiares, los tropiezos iniciales y la reinvenci\u00f3n permanente fueron claves para construir Alucinna, uno de los e-commerce m\u00e1s importantes del pa\u00eds.<br>\u201cMi mayor aprendizaje fue crecer r\u00e1pido. Mis padres siempre me dejaron participar en la mesa de decisiones. El trabajo y la pasi\u00f3n son claves\u201d.<br>Con humildad y firmeza, narr\u00f3 c\u00f3mo la pandemia los dej\u00f3 \u201ccasi sin nada\u201d, pero tambi\u00e9n c\u00f3mo ese momento l\u00edmite se transform\u00f3 en impulso: \u201cLa vida es pendular. Cuando uno est\u00e1 mal debe recordar que en alg\u00fan momento va a estar mejor\u201d.<br>Hoy su empresa emplea a 45 personas y se prepara para abrir en Mendoza \u201cel metro cuadrado de zapater\u00eda para mujeres m\u00e1s grande del pa\u00eds\u201d.<br><\/p>\n\n\n\n<p><em>Lisandro Enciso Piazza: las etapas de una empresa familiar<\/em><br><\/p>\n\n\n\n<p>El director de Operaciones de Granja Santa Ana, Lisandro Enciso Piazza, llev\u00f3 una mirada centrada en los desaf\u00edos que implica sostener y transformar una empresa familiar con m\u00e1s de 40 a\u00f1os de trayectoria.<br>Comparti\u00f3 la evoluci\u00f3n del establecimiento en tres etapas: la fundaci\u00f3n original, la crisis y refundaci\u00f3n de 1995, y finalmente el proceso de profesionalizaci\u00f3n y tecnificaci\u00f3n que inici\u00f3 con la incorporaci\u00f3n de la nueva generaci\u00f3n.<br>Enciso relat\u00f3 momentos cr\u00edticos, entre ellos el diagn\u00f3stico m\u00e9dico que casi paraliza la empresa y la etapa en que, pr\u00e1cticamente sin recursos, debieron tomar decisiones arriesgadas: \u201cHipotecamos lo que no ten\u00edamos. Incorporamos tecnolog\u00eda, diversificamos y trabajamos sin descanso. Sab\u00edamos que la empresa deb\u00eda transformarse para sobrevivir\u201d.<br><\/p>\n\n\n\n<p><em>Daniel Nasta: la magia de contar historias<\/em><br><\/p>\n\n\n\n<p>El cierre estuvo a cargo del reconocido publicista Jos\u00e9 Daniel Nasta, presidente de la Fundaci\u00f3n TEXO, quien ofreci\u00f3 una exposici\u00f3n \u00e1gil, humor\u00edstica y profundamente reflexiva.<br>\u201cLa publicidad es contar una buena historia. Es generar una expectativa que mantenga la atenci\u00f3n del p\u00fablico\u201d.<br>A trav\u00e9s de an\u00e9cdotas, analiz\u00f3 c\u00f3mo las narrativas bien construidas tienen el poder de emocionar, persuadir y permanecer en la memoria colectiva. Destac\u00f3 tambi\u00e9n la actitud de los emprendedores locales: \u201cLa empresa es ganas de hacer. Y en Pablo y Lisandro encontr\u00e9 exactamente eso: ganas, adaptaci\u00f3n y visi\u00f3n\u201d.<br>Los organizadores \u2014Deitec, Senado Joven y la C\u00e1mara de Senadores\u2014 subrayaron que el objetivo del encuentro es brindar herramientas reales para impulsar el crecimiento del ecosistema emprendedor.<\/p>\n\n\n\n<figure class=\"wp-block-gallery has-nested-images columns-default is-cropped wp-block-gallery-1 is-layout-flex wp-block-gallery-is-layout-flex\">\n<figure class=\"wp-block-image size-large\"><img loading=\"lazy\" decoding=\"async\" width=\"1024\" height=\"682\" data-id=\"239642\" src=\"https:\/\/corrientesdetarde.com\/wp-content\/uploads\/2025\/12\/WhatsApp-Image-2025-12-13-at-11.01.38-1-1024x682.jpeg\" alt=\"\" class=\"wp-image-239642\" srcset=\"https:\/\/corrientesdetarde.com\/wp-content\/uploads\/2025\/12\/WhatsApp-Image-2025-12-13-at-11.01.38-1-1024x682.jpeg 1024w, https:\/\/corrientesdetarde.com\/wp-content\/uploads\/2025\/12\/WhatsApp-Image-2025-12-13-at-11.01.38-1-300x200.jpeg 300w, https:\/\/corrientesdetarde.com\/wp-content\/uploads\/2025\/12\/WhatsApp-Image-2025-12-13-at-11.01.38-1-768x512.jpeg 768w, https:\/\/corrientesdetarde.com\/wp-content\/uploads\/2025\/12\/WhatsApp-Image-2025-12-13-at-11.01.38-1.jpeg 1280w\" sizes=\"auto, (max-width: 1024px) 100vw, 1024px\" \/><\/figure>\n\n\n\n<figure class=\"wp-block-image size-large\"><img loading=\"lazy\" decoding=\"async\" width=\"1024\" height=\"682\" data-id=\"239643\" src=\"https:\/\/corrientesdetarde.com\/wp-content\/uploads\/2025\/12\/WhatsApp-Image-2025-12-13-at-11.01.38-1024x682.jpeg\" alt=\"\" class=\"wp-image-239643\" srcset=\"https:\/\/corrientesdetarde.com\/wp-content\/uploads\/2025\/12\/WhatsApp-Image-2025-12-13-at-11.01.38-1024x682.jpeg 1024w, https:\/\/corrientesdetarde.com\/wp-content\/uploads\/2025\/12\/WhatsApp-Image-2025-12-13-at-11.01.38-300x200.jpeg 300w, https:\/\/corrientesdetarde.com\/wp-content\/uploads\/2025\/12\/WhatsApp-Image-2025-12-13-at-11.01.38-768x512.jpeg 768w, https:\/\/corrientesdetarde.com\/wp-content\/uploads\/2025\/12\/WhatsApp-Image-2025-12-13-at-11.01.38.jpeg 1280w\" sizes=\"auto, (max-width: 1024px) 100vw, 1024px\" \/><\/figure>\n\n\n\n<figure class=\"wp-block-image size-large\"><img loading=\"lazy\" decoding=\"async\" width=\"1024\" height=\"682\" data-id=\"239645\" src=\"https:\/\/corrientesdetarde.com\/wp-content\/uploads\/2025\/12\/WhatsApp-Image-2025-12-13-at-11.01.39-1-1024x682.jpeg\" alt=\"\" class=\"wp-image-239645\" srcset=\"https:\/\/corrientesdetarde.com\/wp-content\/uploads\/2025\/12\/WhatsApp-Image-2025-12-13-at-11.01.39-1-1024x682.jpeg 1024w, https:\/\/corrientesdetarde.com\/wp-content\/uploads\/2025\/12\/WhatsApp-Image-2025-12-13-at-11.01.39-1-300x200.jpeg 300w, https:\/\/corrientesdetarde.com\/wp-content\/uploads\/2025\/12\/WhatsApp-Image-2025-12-13-at-11.01.39-1-768x512.jpeg 768w, https:\/\/corrientesdetarde.com\/wp-content\/uploads\/2025\/12\/WhatsApp-Image-2025-12-13-at-11.01.39-1.jpeg 1280w\" sizes=\"auto, (max-width: 1024px) 100vw, 1024px\" \/><\/figure>\n\n\n\n<figure class=\"wp-block-image size-large\"><img loading=\"lazy\" decoding=\"async\" width=\"1024\" height=\"682\" data-id=\"239646\" src=\"https:\/\/corrientesdetarde.com\/wp-content\/uploads\/2025\/12\/WhatsApp-Image-2025-12-13-at-11.01.39-1024x682.jpeg\" alt=\"\" class=\"wp-image-239646\" srcset=\"https:\/\/corrientesdetarde.com\/wp-content\/uploads\/2025\/12\/WhatsApp-Image-2025-12-13-at-11.01.39-1024x682.jpeg 1024w, https:\/\/corrientesdetarde.com\/wp-content\/uploads\/2025\/12\/WhatsApp-Image-2025-12-13-at-11.01.39-300x200.jpeg 300w, https:\/\/corrientesdetarde.com\/wp-content\/uploads\/2025\/12\/WhatsApp-Image-2025-12-13-at-11.01.39-768x512.jpeg 768w, https:\/\/corrientesdetarde.com\/wp-content\/uploads\/2025\/12\/WhatsApp-Image-2025-12-13-at-11.01.39.jpeg 1280w\" sizes=\"auto, (max-width: 1024px) 100vw, 1024px\" \/><\/figure>\n\n\n\n<figure class=\"wp-block-image size-large\"><img loading=\"lazy\" decoding=\"async\" width=\"1024\" height=\"682\" data-id=\"239644\" src=\"https:\/\/corrientesdetarde.com\/wp-content\/uploads\/2025\/12\/WhatsApp-Image-2025-12-13-at-11.01.40-1024x682.jpeg\" alt=\"\" class=\"wp-image-239644\" srcset=\"https:\/\/corrientesdetarde.com\/wp-content\/uploads\/2025\/12\/WhatsApp-Image-2025-12-13-at-11.01.40-1024x682.jpeg 1024w, https:\/\/corrientesdetarde.com\/wp-content\/uploads\/2025\/12\/WhatsApp-Image-2025-12-13-at-11.01.40-300x200.jpeg 300w, https:\/\/corrientesdetarde.com\/wp-content\/uploads\/2025\/12\/WhatsApp-Image-2025-12-13-at-11.01.40-768x512.jpeg 768w, https:\/\/corrientesdetarde.com\/wp-content\/uploads\/2025\/12\/WhatsApp-Image-2025-12-13-at-11.01.40.jpeg 1280w\" sizes=\"auto, (max-width: 1024px) 100vw, 1024px\" \/><\/figure>\n\n\n\n<figure class=\"wp-block-image size-large\"><img loading=\"lazy\" decoding=\"async\" width=\"1024\" height=\"683\" data-id=\"239647\" src=\"https:\/\/corrientesdetarde.com\/wp-content\/uploads\/2025\/12\/WhatsApp-Image-2025-12-13-at-11.01.41-1024x683.jpeg\" alt=\"\" class=\"wp-image-239647\" srcset=\"https:\/\/corrientesdetarde.com\/wp-content\/uploads\/2025\/12\/WhatsApp-Image-2025-12-13-at-11.01.41-1024x683.jpeg 1024w, https:\/\/corrientesdetarde.com\/wp-content\/uploads\/2025\/12\/WhatsApp-Image-2025-12-13-at-11.01.41-300x200.jpeg 300w, https:\/\/corrientesdetarde.com\/wp-content\/uploads\/2025\/12\/WhatsApp-Image-2025-12-13-at-11.01.41-768x512.jpeg 768w, https:\/\/corrientesdetarde.com\/wp-content\/uploads\/2025\/12\/WhatsApp-Image-2025-12-13-at-11.01.41.jpeg 1368w\" sizes=\"auto, (max-width: 1024px) 100vw, 1024px\" \/><\/figure>\n<\/figure>\n","protected":false},"excerpt":{"rendered":"<p>Braillard Poccard inaugur\u00f3 la charla \u201cDise\u00f1ar la Mejor Publicidad del Mundo\u201d. Con un auditorio colmado en el Consejo Profesional de Ingenier\u00eda, Arquitectura y Agrimensura, se desarroll\u00f3 la charla \u201cDise\u00f1ar la&hellip; <\/p>\n","protected":false},"author":6,"featured_media":239647,"comment_status":"closed","ping_status":"open","sticky":false,"template":"","format":"standard","meta":{"footnotes":""},"categories":[1208],"tags":[],"class_list":["post-239639","post","type-post","status-publish","format-standard","has-post-thumbnail","hentry","category-eventossociedad"],"_links":{"self":[{"href":"https:\/\/corrientesdetarde.com\/index.php\/wp-json\/wp\/v2\/posts\/239639","targetHints":{"allow":["GET"]}}],"collection":[{"href":"https:\/\/corrientesdetarde.com\/index.php\/wp-json\/wp\/v2\/posts"}],"about":[{"href":"https:\/\/corrientesdetarde.com\/index.php\/wp-json\/wp\/v2\/types\/post"}],"author":[{"embeddable":true,"href":"https:\/\/corrientesdetarde.com\/index.php\/wp-json\/wp\/v2\/users\/6"}],"replies":[{"embeddable":true,"href":"https:\/\/corrientesdetarde.com\/index.php\/wp-json\/wp\/v2\/comments?post=239639"}],"version-history":[{"count":1,"href":"https:\/\/corrientesdetarde.com\/index.php\/wp-json\/wp\/v2\/posts\/239639\/revisions"}],"predecessor-version":[{"id":239649,"href":"https:\/\/corrientesdetarde.com\/index.php\/wp-json\/wp\/v2\/posts\/239639\/revisions\/239649"}],"wp:featuredmedia":[{"embeddable":true,"href":"https:\/\/corrientesdetarde.com\/index.php\/wp-json\/wp\/v2\/media\/239647"}],"wp:attachment":[{"href":"https:\/\/corrientesdetarde.com\/index.php\/wp-json\/wp\/v2\/media?parent=239639"}],"wp:term":[{"taxonomy":"category","embeddable":true,"href":"https:\/\/corrientesdetarde.com\/index.php\/wp-json\/wp\/v2\/categories?post=239639"},{"taxonomy":"post_tag","embeddable":true,"href":"https:\/\/corrientesdetarde.com\/index.php\/wp-json\/wp\/v2\/tags?post=239639"}],"curies":[{"name":"wp","href":"https:\/\/api.w.org\/{rel}","templated":true}]}}